{"id":38580,"date":"2024-03-05T17:22:24","date_gmt":"2024-03-05T20:22:24","guid":{"rendered":"http:\/\/jornaldeitaipava.com.br\/?p=38580"},"modified":"2024-03-05T17:22:26","modified_gmt":"2024-03-05T20:22:26","slug":"appo-e-radioserra-promovem-tarde-da-mulher-com-programacao-especial","status":"publish","type":"post","link":"https:\/\/jornaldeitaipava.com.br\/index.php\/2024\/03\/05\/appo-e-radioserra-promovem-tarde-da-mulher-com-programacao-especial\/","title":{"rendered":"APPO E RADIOSERRA PROMOVEM TARDE DA MULHER COM PROGRAMA\u00c7\u00c3O ESPECIAL"},"content":{"rendered":"\n<p class=\"has-text-align-center\"><strong>Acolhimento, roda de conversa e aul\u00e3o de dan\u00e7a fazem parte das atividades<\/strong><\/p>\n\n\n\n<p>Na pr\u00f3xima quinta-feira (07\/03), a partir das 14h, a Associa\u00e7\u00e3o Petropolitana dos Pacientes Oncol\u00f3gicos (APPO) e a Radioserra &#8211; Centro Regional de Radioterapia se unem para promover a &#8220;Tarde da Mulher&#8221;. O evento, que ocorrer\u00e1 no Minist\u00e9rio Encontro de Vida (MEV), localizado na Rua Dr. Sa Earp, n. 315 \u2013 Morin, ao lado do port\u00e3o do CTO\/Radioserra, promete ser uma ocasi\u00e3o especial para todas as mulheres, repleta de reflex\u00f5es, alegria e confraterniza\u00e7\u00e3o.<br>A import\u00e2ncia do evento vai al\u00e9m de uma simples comemora\u00e7\u00e3o, buscando ressaltar as conquistas de cada cidad\u00e3, reconhecendo a for\u00e7a e a resili\u00eancia que as mulheres demonstram diariamente. A parceria entre APPO e Radioserra destaca o comprometimento dessas institui\u00e7\u00f5es com a promo\u00e7\u00e3o da sa\u00fade, bem-estar e o apoio integral \u00e0s mulheres, especialmente aquelas que enfrentam desafios no contexto oncol\u00f3gico.<br>A qualidade da programa\u00e7\u00e3o elaborada pela equipe t\u00e9cnica da APPO \u00e9 um dos pontos altos do evento. A partir das 14h, a tarde inicia com um acolhimento caloroso, seguido por uma Roda de Conversa sobre \u201cDireitos das Mulheres e rela\u00e7\u00f5es abusivas\u201d, abordando temas cruciais para a conscientiza\u00e7\u00e3o e empoderamento feminino. \u00c0s 15h15, a Academia Korper se junta \u00e0 celebra\u00e7\u00e3o, proporcionando um Aul\u00e3o de Dan\u00e7a que promete animar e alegrar a todos os presentes.<br>\u201cQueremos agradecer a MEV, que n\u00e3o apenas abre suas portas para o evento, mas tamb\u00e9m contribui para um espa\u00e7o ainda mais acolhedor e confort\u00e1vel, proporcionando um ambiente prop\u00edcio para o di\u00e1logo, a troca de experi\u00eancias e a celebra\u00e7\u00e3o das vit\u00f3rias. Este gesto solid\u00e1rio da MEV demonstra o comprometimento da institui\u00e7\u00e3o com a comunidade e a import\u00e2ncia de eventos que promovam a uni\u00e3o e o fortalecimento dos la\u00e7os sociais\u201d, pontuou Gabi Andrade, diretora de Rela\u00e7\u00f5es P\u00fablicas volunt\u00e1ria da APPO.<br>A Tarde da Mulher \u00e9 um convite para todas as mulheres se reunirem, compartilharem experi\u00eancias e celebrarem a vida. O encerramento est\u00e1 marcado para as 16h, mas a expectativa \u00e9 que as lembran\u00e7as e inspira\u00e7\u00f5es desse dia permane\u00e7am por muito tempo na mem\u00f3ria e nos cora\u00e7\u00f5es de todas as participantes.<\/p>\n\n\n\n<p>SERVI\u00c7O<br>APPO \u2013 Associa\u00e7\u00e3o Petropolitana dos Pacientes Oncol\u00f3gicos<br>Rua Visconde da Penha, n\u00ba 72<br>Centro \u2013 Petr\u00f3polis \u2013 RJ<br>GoogleMaps: <a href=\"https:\/\/goo.gl\/maps\/AQi5dg1nkhJAUDea9\" target=\"_blank\" rel=\"noreferrer noopener\">https:\/\/goo.gl\/maps\/AQi5dg1nkhJAUDea9<\/a><br>Telefone: (24) 2242-0956<br>WhastsApp: (24) 99274-1377<\/p>\n","protected":false},"excerpt":{"rendered":"<p>Acolhimento, roda de conversa e aul\u00e3o de dan\u00e7a fazem parte das atividades Na pr\u00f3xima quinta-feira<\/p>\n","protected":false},"author":1,"featured_media":9177,"comment_status":"closed","ping_status":"open","sticky":false,"template":"","format":"standard","meta":{"spay_email":"","footnotes":"","jetpack_publicize_message":""},"categories":[2],"tags":[],"jetpack_featured_media_url":"https:\/\/i2.wp.com\/jornaldeitaipava.com.br\/wp-content\/uploads\/2021\/01\/APPO.jpg?fit=358%2C206&ssl=1","jetpack_publicize_connections":[],"jetpack_sharing_enabled":true,"jetpack_likes_enabled":true,"jetpack-related-posts":[],"_links":{"self":[{"href":"https:\/\/jornaldeitaipava.com.br\/index.php\/wp-json\/wp\/v2\/posts\/38580"}],"collection":[{"href":"https:\/\/jornaldeitaipava.com.br\/index.php\/wp-json\/wp\/v2\/posts"}],"about":[{"href":"https:\/\/jornaldeitaipava.com.br\/index.php\/wp-json\/wp\/v2\/types\/post"}],"author":[{"embeddable":true,"href":"https:\/\/jornaldeitaipava.com.br\/index.php\/wp-json\/wp\/v2\/users\/1"}],"replies":[{"embeddable":true,"href":"https:\/\/jornaldeitaipava.com.br\/index.php\/wp-json\/wp\/v2\/comments?post=38580"}],"version-history":[{"count":1,"href":"https:\/\/jornaldeitaipava.com.br\/index.php\/wp-json\/wp\/v2\/posts\/38580\/revisions"}],"predecessor-version":[{"id":38581,"href":"https:\/\/jornaldeitaipava.com.br\/index.php\/wp-json\/wp\/v2\/posts\/38580\/revisions\/38581"}],"wp:featuredmedia":[{"embeddable":true,"href":"https:\/\/jornaldeitaipava.com.br\/index.php\/wp-json\/wp\/v2\/media\/9177"}],"wp:attachment":[{"href":"https:\/\/jornaldeitaipava.com.br\/index.php\/wp-json\/wp\/v2\/media?parent=38580"}],"wp:term":[{"taxonomy":"category","embeddable":true,"href":"https:\/\/jornaldeitaipava.com.br\/index.php\/wp-json\/wp\/v2\/categories?post=38580"},{"taxonomy":"post_tag","embeddable":true,"href":"https:\/\/jornaldeitaipava.com.br\/index.php\/wp-json\/wp\/v2\/tags?post=38580"}],"curies":[{"name":"wp","href":"https:\/\/api.w.org\/{rel}","templated":true}]}}