{"id":38582,"date":"2024-03-05T18:12:39","date_gmt":"2024-03-05T21:12:39","guid":{"rendered":"http:\/\/jornaldeitaipava.com.br\/?p=38582"},"modified":"2024-03-05T18:18:42","modified_gmt":"2024-03-05T21:18:42","slug":"tjrj-adia-decisao-sobre-linhas-da-cascatinha","status":"publish","type":"post","link":"https:\/\/jornaldeitaipava.com.br\/index.php\/2024\/03\/05\/tjrj-adia-decisao-sobre-linhas-da-cascatinha\/","title":{"rendered":"TJRJ adia decis\u00e3o sobre linhas da Cascatinha"},"content":{"rendered":"\n<p>O drama dos petropolitanos que utilizam os servi\u00e7os da Via\u00e7\u00e3o Cascatinha deve continuar. Ap\u00f3s a decis\u00e3o da 4\u00aa Vara C\u00edvel de Petr\u00f3polis, que determinou que as linhas pertencentes a Via\u00e7\u00e3o Cascatinha fossem transferidas para outras empresas, a Cascatinha conseguiu, no dia 22 de fevereiro, reverter o quadro.<br>Nesta ter\u00e7a-feira (05), o Tribunal de Justi\u00e7a do Rio de Janeiro (TJ-RJ) prorrogou mais uma vez a decis\u00e3o sobre a transfer\u00eancia de linhas. Em sess\u00e3o realizada no Rio de Janeiro, os desembargadores da Primeira C\u00e2mara de Direito P\u00fablico decidiram por discutir o tema em nova audi\u00eancia, marcada para o dia 19 de mar\u00e7o. At\u00e9 l\u00e1, a Cascatinha continuar\u00e1 operando normalmente em Petr\u00f3polis.<br>O Sindicato dos Trabalhadores em Transportes Rodovi\u00e1rios de Petr\u00f3polis acompanhou a audi\u00eancia e emitiu uma nota sobre o assunto. A preocupa\u00e7\u00e3o geral \u00e9 com os postos de trabalho dos rodovi\u00e1rios.<\/p>\n\n\n\n<p><strong>Nota do Sindicato dos Rodovi\u00e1rios<br><\/strong>Diretoria e equipe do Sindicato dos Trabalhadores em Transportes Rodovi\u00e1rios de Petr\u00f3polis estiveram nesta ter\u00e7a (05), no Tribunal de Justi\u00e7a do Rio de Janeiro na Audi\u00eancia sobre o transporte p\u00fablico de Petr\u00f3polis, para obter informa\u00e7\u00f5es referente a perman\u00eancia ou n\u00e3o da empresa Cascatinha na opera\u00e7\u00e3o de parte do transporte de passageiros do munic\u00edpio.<\/p>\n\n\n\n<p>Ap\u00f3s a decis\u00e3o da Justi\u00e7a, que prorrogou a data de opera\u00e7\u00e3o e agendou nova audi\u00eancia para a ter\u00e7a-feira (19\/03), o Sindicato j\u00e1 agendou uma reuni\u00e3o com membros da Companhia Petropolitana de Transito e Transporte (CPTrans) e da Prefeitura Municipal de Petr\u00f3polis (PMP) a ser realizada amanh\u00e3, quarta (06\/03), para tratar sobre a situa\u00e7\u00e3o dos trabalhadores rodovi\u00e1rios que operam na via\u00e7\u00e3o Cascatinha.<\/p>\n\n\n\n<blockquote class=\"wp-block-quote\">\n<p><strong>Movimenta\u00e7\u00e3o na C\u00e2mara<br><\/strong>O vereador Eduardo do Blog \u00e9 um dos parlamentares que vem acompanhando de perto a situa\u00e7\u00e3o da categoria. No \u00faltimo dia 22\/02, o parlamentar protocolou na C\u00e2mara Municipal, uma Indica\u00e7\u00e3o apontando a necessidade de manuten\u00e7\u00e3o dos empregos dos motoristas, cobradores, fiscais, mec\u00e2nicos e demais profissionais caso venha ocorrer a cess\u00e3o das linhas da Cascatinha.<\/p>\n\n\n\n<p>&#8220;<em>Precisamos dar suporte e garantir os postos de trabalho desses profissionais. S\u00e3o pais e m\u00e3es de fam\u00edlia que est\u00e3o sob press\u00e3o com toda esta indefini\u00e7\u00e3o sobre o futuro. J\u00e1 me reuni com o secret\u00e1rio de governo e tamb\u00e9m fiz uma Indica\u00e7\u00e3o para que a prefeitura atue para que os empregos dos rodovi\u00e1rios sejam mantidos, caso haja de fato a transfer\u00eancia das linhas para outras empresas&#8221;<\/em>, disse o vereador.<\/p>\n<\/blockquote>\n","protected":false},"excerpt":{"rendered":"<p>O drama dos petropolitanos que utilizam os servi\u00e7os da Via\u00e7\u00e3o Cascatinha deve continuar. Ap\u00f3s a<\/p>\n","protected":false},"author":1,"featured_media":18512,"comment_status":"closed","ping_status":"open","sticky":false,"template":"","format":"standard","meta":{"spay_email":"","footnotes":"","jetpack_publicize_message":""},"categories":[24],"tags":[],"jetpack_featured_media_url":"https:\/\/i2.wp.com\/jornaldeitaipava.com.br\/wp-content\/uploads\/2021\/08\/onibus-eixo.png?fit=428%2C302&ssl=1","jetpack_publicize_connections":[],"jetpack_sharing_enabled":true,"jetpack_likes_enabled":true,"jetpack-related-posts":[],"_links":{"self":[{"href":"https:\/\/jornaldeitaipava.com.br\/index.php\/wp-json\/wp\/v2\/posts\/38582"}],"collection":[{"href":"https:\/\/jornaldeitaipava.com.br\/index.php\/wp-json\/wp\/v2\/posts"}],"about":[{"href":"https:\/\/jornaldeitaipava.com.br\/index.php\/wp-json\/wp\/v2\/types\/post"}],"author":[{"embeddable":true,"href":"https:\/\/jornaldeitaipava.com.br\/index.php\/wp-json\/wp\/v2\/users\/1"}],"replies":[{"embeddable":true,"href":"https:\/\/jornaldeitaipava.com.br\/index.php\/wp-json\/wp\/v2\/comments?post=38582"}],"version-history":[{"count":1,"href":"https:\/\/jornaldeitaipava.com.br\/index.php\/wp-json\/wp\/v2\/posts\/38582\/revisions"}],"predecessor-version":[{"id":38583,"href":"https:\/\/jornaldeitaipava.com.br\/index.php\/wp-json\/wp\/v2\/posts\/38582\/revisions\/38583"}],"wp:featuredmedia":[{"embeddable":true,"href":"https:\/\/jornaldeitaipava.com.br\/index.php\/wp-json\/wp\/v2\/media\/18512"}],"wp:attachment":[{"href":"https:\/\/jornaldeitaipava.com.br\/index.php\/wp-json\/wp\/v2\/media?parent=38582"}],"wp:term":[{"taxonomy":"category","embeddable":true,"href":"https:\/\/jornaldeitaipava.com.br\/index.php\/wp-json\/wp\/v2\/categories?post=38582"},{"taxonomy":"post_tag","embeddable":true,"href":"https:\/\/jornaldeitaipava.com.br\/index.php\/wp-json\/wp\/v2\/tags?post=38582"}],"curies":[{"name":"wp","href":"https:\/\/api.w.org\/{rel}","templated":true}]}}