{"id":38584,"date":"2024-03-06T08:59:19","date_gmt":"2024-03-06T11:59:19","guid":{"rendered":"http:\/\/jornaldeitaipava.com.br\/?p=38584"},"modified":"2024-03-06T08:59:21","modified_gmt":"2024-03-06T11:59:21","slug":"prefeitura-mobiliza-mais-de-150-pessoas-para-limpeza-e-desobstrucao-das-areas-afetadas-pela-chuva-desta-terca-feira","status":"publish","type":"post","link":"https:\/\/jornaldeitaipava.com.br\/index.php\/2024\/03\/06\/prefeitura-mobiliza-mais-de-150-pessoas-para-limpeza-e-desobstrucao-das-areas-afetadas-pela-chuva-desta-terca-feira\/","title":{"rendered":"Prefeitura mobiliza mais de 150 pessoas para limpeza e desobstru\u00e7\u00e3o das \u00e1reas afetadas pela chuva desta ter\u00e7a-feira"},"content":{"rendered":"\n<p>Em resposta \u00e0s chuvas desta ter\u00e7a-feira (05\/02), a Prefeitura, por meio da Companhia de Municipal de Desenvolvimento de Petr\u00f3polis (Comdep), mobilizou mais de 150 funcion\u00e1rios com o objetivo de retomar a normalidade nas \u00e1reas atingidas. M\u00e1quinas e equipamentos atuam no corte de galhos e troncos de \u00e1rvores que fecharam vias, assim como limpeza e na desobstru\u00e7\u00e3o dos bueiros. Equipes da Defesa Civil e da Secretaria de Seguran\u00e7a, Servi\u00e7os e Ordem P\u00fablica (SSOP) tamb\u00e9m est\u00e3o nas ruas acompanhando as ocorr\u00eancias.<br>Al\u00e9m das interven\u00e7\u00f5es nos pontos de alagamentos e quedas de \u00e1rvores na regi\u00e3o de Corr\u00eaas, a Prefeitura tamb\u00e9m vai direcionar equipes para vistorias na Rua 24 de Maio e no Bonfim.<br>\u201cEstamos com um grande efetivo nas ruas. Comdep, Defesa Civil e SSOP atuam em conjunto para darmos uma resposta r\u00e1pida de limpeza das vias atingidas. Pe\u00e7o \u00e0 popula\u00e7\u00e3o que se mantenha em locais seguros e fique atenta aos informes da Defesa Civil\u201d, frisa o prefeito Rubens Bomtempo.<br>Os funcion\u00e1rios contam com o aux\u00edlio de equipamentos, retroescavadeiras e caminh\u00f5es vacol, (que fazem suc\u00e7\u00e3o) para auxiliar no escoamento das \u00e1reas alagadas.<br>Segundo o presidente da Comdep, L\u00e9o Fran\u00e7a, o trabalho de limpeza se estendeu pela madrugada desta quarta-feira (06\/02). \u201cVamos atuar de forma cont\u00ednua para devolver a normalidade a Corr\u00eaas, um dos locais mais afetados, o mais r\u00e1pido poss\u00edvel. Tamb\u00e9m estaremos com todo o efetivo mobilizado durante todo o dia de hoje\u201d, disse L\u00e9o Fran\u00e7a.<br>O secret\u00e1rio de Seguran\u00e7a, Servi\u00e7os e Ordem P\u00fablica (SSOP), Ramon Mello, acompanha as a\u00e7\u00f5es. \u201cEstamos trabalhando para dar todo o suporte necess\u00e1rio \u00e0 Comdep e garantir o r\u00e1pido acesso de todo o maquin\u00e1rios \u00e0s \u00e1reas afetadas\u201d, destacou.<\/p>\n\n\n\n<p><strong>Confira o boletim de registros de ocorr\u00eancias atualizado nesta quarta-feira<br><\/strong>A Defesa Civil do munic\u00edpio de Petr\u00f3polis contabilizou 08 registros de ocorr\u00eancias por conta das chuvas desta ter\u00e7a-feira (05\/03) at\u00e9 \u00e0s 08h desta quarta-feira (06\/03).Todas as ocorr\u00eancias registradas j\u00e1 foram atendidas, foram sem gravidade e n\u00e3o houve v\u00edtimas. Confira o balan\u00e7o atualizado dos registros de ocorr\u00eancias em fun\u00e7\u00e3o das chuvas em Petr\u00f3polis:<br>-01 registro de ocorr\u00eancia de deslizamento atingindo a via &#8211; Bairro: Correas<br>-02 registros de ocorr\u00eancias de problema na via &#8211; Bairros: Cascatinha e Rua Nova (Alto da Serra): \u00e1rea isolada com fita. Na Rua Nova, trata-se de deslizamento em \u00e1rea j\u00e1 interditada pela Defesa Civil. Equipes da Defesa Civil atuam na ocorr\u00eancia na manh\u00e3 desta quarta-feira (06)<br>-02 registros de ocorr\u00eancias de queda de \u00e1rvore &#8211; Bairro: Correas<br>-01 registro de ocorr\u00eancia de alagamento atingindo o im\u00f3vel &#8211; Bairro: Alto da Serra<br>-02 registros de ocorr\u00eancias de infiltra\u00e7\u00e3o &#8211; Bairros: Alto da Serra e Samambaia<\/p>\n","protected":false},"excerpt":{"rendered":"<p>Em resposta \u00e0s chuvas desta ter\u00e7a-feira (05\/02), a Prefeitura, por meio da Companhia de Municipal<\/p>\n","protected":false},"author":1,"featured_media":38585,"comment_status":"closed","ping_status":"open","sticky":false,"template":"","format":"standard","meta":{"spay_email":"","footnotes":"","jetpack_publicize_message":""},"categories":[24],"tags":[],"jetpack_featured_media_url":"https:\/\/i2.wp.com\/jornaldeitaipava.com.br\/wp-content\/uploads\/2024\/03\/WhatsApp-Image-2024-03-06-at-06.31.21.jpeg?fit=1280%2C960&ssl=1","jetpack_publicize_connections":[],"jetpack_sharing_enabled":true,"jetpack_likes_enabled":true,"jetpack-related-posts":[],"_links":{"self":[{"href":"https:\/\/jornaldeitaipava.com.br\/index.php\/wp-json\/wp\/v2\/posts\/38584"}],"collection":[{"href":"https:\/\/jornaldeitaipava.com.br\/index.php\/wp-json\/wp\/v2\/posts"}],"about":[{"href":"https:\/\/jornaldeitaipava.com.br\/index.php\/wp-json\/wp\/v2\/types\/post"}],"author":[{"embeddable":true,"href":"https:\/\/jornaldeitaipava.com.br\/index.php\/wp-json\/wp\/v2\/users\/1"}],"replies":[{"embeddable":true,"href":"https:\/\/jornaldeitaipava.com.br\/index.php\/wp-json\/wp\/v2\/comments?post=38584"}],"version-history":[{"count":1,"href":"https:\/\/jornaldeitaipava.com.br\/index.php\/wp-json\/wp\/v2\/posts\/38584\/revisions"}],"predecessor-version":[{"id":38586,"href":"https:\/\/jornaldeitaipava.com.br\/index.php\/wp-json\/wp\/v2\/posts\/38584\/revisions\/38586"}],"wp:featuredmedia":[{"embeddable":true,"href":"https:\/\/jornaldeitaipava.com.br\/index.php\/wp-json\/wp\/v2\/media\/38585"}],"wp:attachment":[{"href":"https:\/\/jornaldeitaipava.com.br\/index.php\/wp-json\/wp\/v2\/media?parent=38584"}],"wp:term":[{"taxonomy":"category","embeddable":true,"href":"https:\/\/jornaldeitaipava.com.br\/index.php\/wp-json\/wp\/v2\/categories?post=38584"},{"taxonomy":"post_tag","embeddable":true,"href":"https:\/\/jornaldeitaipava.com.br\/index.php\/wp-json\/wp\/v2\/tags?post=38584"}],"curies":[{"name":"wp","href":"https:\/\/api.w.org\/{rel}","templated":true}]}}