{"id":38587,"date":"2024-03-06T09:10:03","date_gmt":"2024-03-06T12:10:03","guid":{"rendered":"http:\/\/jornaldeitaipava.com.br\/?p=38587"},"modified":"2024-03-06T09:10:04","modified_gmt":"2024-03-06T12:10:04","slug":"vereadora-propoe-que-propaganda-oficial-da-prefeitura-de-petropolis-inclua-lingua-brasileira-de-sinais","status":"publish","type":"post","link":"https:\/\/jornaldeitaipava.com.br\/index.php\/2024\/03\/06\/vereadora-propoe-que-propaganda-oficial-da-prefeitura-de-petropolis-inclua-lingua-brasileira-de-sinais\/","title":{"rendered":"Vereadora prop\u00f5e que propaganda oficial da Prefeitura de Petr\u00f3polis inclua L\u00edngua Brasileira de Sinais"},"content":{"rendered":"\n<p>A C\u00e2mara Municipal aprovou, em sess\u00e3o ordin\u00e1ria realizada nesta ter\u00e7a-feira (05), um projeto de lei de autoria da vereadora Gilda Beatriz que disp\u00f5e sobre o uso da L\u00edngua Brasileira de Sinais &#8211; Libras no material de propaganda oficial da Prefeitura de Petr\u00f3polis.<br>O texto pontua que mensagens e propagandas de programas, atos, obras, servi\u00e7os e campanhas educativas e informativas e de outras publicidades da administra\u00e7\u00e3o direta e indireta do munic\u00edpio, veiculadas em televis\u00e3o ou em redes sociais, dever\u00e3o apresentar janela com int\u00e9rprete de L\u00edngua Brasileira de Sinais, com a finalidade de torn\u00e1-la acess\u00edvel \u00e0 pessoa surda ou com defici\u00eancia auditiva.<br>A autora destaca que a L\u00edngua Brasileira de Sinais foi reconhecida em 2002 e, mais tarde, regulamentada pelo Decreto n\u00ba 5.626\/05, que trata sobre seu uso e difus\u00e3o nas institui\u00e7\u00f5es p\u00fablicas e privadas, da forma\u00e7\u00e3o de professores e int\u00e9rpretes de Libras. A Lei n\u00ba 13.146, Lei Brasileira de Inclus\u00e3o, de 2015, tamb\u00e9m disp\u00f5e sobre o assunto, garantindo assim a inclus\u00e3o.<br>\u201c\u00c9 essencial que os direitos previstos na Lei Brasileira de Inclus\u00e3o sejam garantidos e respeitados. Portanto, utilizar libras nos ve\u00edculos de comunica\u00e7\u00e3o, definitivamente, se constitui como um meio eficaz de promo\u00e7\u00e3o da inclus\u00e3o social\u201d, disse Gilda, frisando que outros munic\u00edpios j\u00e1 est\u00e3o adotando a ideia.<br>O Projeto de Lei segue agora para san\u00e7\u00e3o do Executivo Municipal.<\/p>\n","protected":false},"excerpt":{"rendered":"<p>A C\u00e2mara Municipal aprovou, em sess\u00e3o ordin\u00e1ria realizada nesta ter\u00e7a-feira (05), um projeto de lei<\/p>\n","protected":false},"author":1,"featured_media":13862,"comment_status":"closed","ping_status":"open","sticky":false,"template":"","format":"standard","meta":{"spay_email":"","footnotes":"","jetpack_publicize_message":""},"categories":[2],"tags":[],"jetpack_featured_media_url":"https:\/\/i1.wp.com\/jornaldeitaipava.com.br\/wp-content\/uploads\/2021\/04\/GILDA.jpg?fit=840%2C543&ssl=1","jetpack_publicize_connections":[],"jetpack_sharing_enabled":true,"jetpack_likes_enabled":true,"jetpack-related-posts":[],"_links":{"self":[{"href":"https:\/\/jornaldeitaipava.com.br\/index.php\/wp-json\/wp\/v2\/posts\/38587"}],"collection":[{"href":"https:\/\/jornaldeitaipava.com.br\/index.php\/wp-json\/wp\/v2\/posts"}],"about":[{"href":"https:\/\/jornaldeitaipava.com.br\/index.php\/wp-json\/wp\/v2\/types\/post"}],"author":[{"embeddable":true,"href":"https:\/\/jornaldeitaipava.com.br\/index.php\/wp-json\/wp\/v2\/users\/1"}],"replies":[{"embeddable":true,"href":"https:\/\/jornaldeitaipava.com.br\/index.php\/wp-json\/wp\/v2\/comments?post=38587"}],"version-history":[{"count":1,"href":"https:\/\/jornaldeitaipava.com.br\/index.php\/wp-json\/wp\/v2\/posts\/38587\/revisions"}],"predecessor-version":[{"id":38588,"href":"https:\/\/jornaldeitaipava.com.br\/index.php\/wp-json\/wp\/v2\/posts\/38587\/revisions\/38588"}],"wp:featuredmedia":[{"embeddable":true,"href":"https:\/\/jornaldeitaipava.com.br\/index.php\/wp-json\/wp\/v2\/media\/13862"}],"wp:attachment":[{"href":"https:\/\/jornaldeitaipava.com.br\/index.php\/wp-json\/wp\/v2\/media?parent=38587"}],"wp:term":[{"taxonomy":"category","embeddable":true,"href":"https:\/\/jornaldeitaipava.com.br\/index.php\/wp-json\/wp\/v2\/categories?post=38587"},{"taxonomy":"post_tag","embeddable":true,"href":"https:\/\/jornaldeitaipava.com.br\/index.php\/wp-json\/wp\/v2\/tags?post=38587"}],"curies":[{"name":"wp","href":"https:\/\/api.w.org\/{rel}","templated":true}]}}