{"id":38595,"date":"2024-03-06T09:34:46","date_gmt":"2024-03-06T12:34:46","guid":{"rendered":"http:\/\/jornaldeitaipava.com.br\/?p=38595"},"modified":"2024-03-06T09:34:48","modified_gmt":"2024-03-06T12:34:48","slug":"estado-do-rio-supera-a-marca-de-11-mil-novas-empresas-abertas-nos-dois-primeiros-meses-de-2024","status":"publish","type":"post","link":"https:\/\/jornaldeitaipava.com.br\/index.php\/2024\/03\/06\/estado-do-rio-supera-a-marca-de-11-mil-novas-empresas-abertas-nos-dois-primeiros-meses-de-2024\/","title":{"rendered":"Estado do Rio supera a marca de 11 mil novas empresas abertas nos dois primeiros meses de 2024"},"content":{"rendered":"\n<p>O Rio de Janeiro j\u00e1 soma 11.348 novas empresas abertas em 2024. O n\u00famero foi alcan\u00e7ado depois que a Junta Comercial do Estado do Rio de Janeiro (Jucerja) registrou a abertura de 5.820 novos neg\u00f3cios em fevereiro. Esse total representa um aumento de 12% em rela\u00e7\u00e3o a 2023, quando a soma dos dois primeiros meses do ano chegou a 10.137 novos neg\u00f3cios no territ\u00f3rio fluminense.<br>&#8220;Temos trabalhado sem tr\u00e9gua para deixar o ambiente de neg\u00f3cios no estado cada vez mais din\u00e2mico e promissor para o empres\u00e1rio e o empreendedor, que tantos empregos geram para os fluminenses. Incentivamos o empreendedorismo com pol\u00edticas p\u00fablicas que possibilitem o desenvolvimento social, e o resultado positivo \u00e9 comprovado pelos indicadores socioecon\u00f4micos. Nosso trabalho n\u00e3o para, pela melhoria da qualidade de vida da popula\u00e7\u00e3o&#8221;, comentou o governador Cl\u00e1udio Castro.<br>O n\u00famero de aberturas de empresas em fevereiro, no Estado do Rio, \u00e9 o segundo melhor de todos os meses de fevereiro nos 215 anos da Jucerja. Al\u00e9m disso, superou o total registrado em janeiro, que foi de 5.528. Entre os munic\u00edpios que mais abriram empresas em 2024 est\u00e3o o Rio de Janeiro, com 5.838, Niter\u00f3i, com 809, Duque de Caxias, com 435, S\u00e3o Gon\u00e7alo, com 399, e Nova Igua\u00e7u, com 307.<br>&#8220;O resultado atingido em fevereiro foi bem significativo, sobretudo se levarmos em considera\u00e7\u00e3o que o m\u00eas teve menos dias \u00fateis e um feriado de Carnaval. Isso comprova que o investimento que estamos fazendo em servi\u00e7os inovadores, visando facilitar cada vez mais a vida do empres\u00e1rio fluminense, est\u00e1 dando resultado&#8221;, afirmou o presidente da Junta Comercial, Sergio Romay.<br>Do n\u00famero registrado em fevereiro, 5.286 s\u00e3o referentes a constitui\u00e7\u00f5es de empresas. Tamb\u00e9m est\u00e3o inclu\u00eddas 442 aberturas de filiais e 92 inscri\u00e7\u00f5es de transfer\u00eancia. Todas as categorias significam a cria\u00e7\u00e3o de novos neg\u00f3cios no Estado.<\/p>\n","protected":false},"excerpt":{"rendered":"<p>O Rio de Janeiro j\u00e1 soma 11.348 novas empresas abertas em 2024. O n\u00famero foi<\/p>\n","protected":false},"author":1,"featured_media":38596,"comment_status":"closed","ping_status":"open","sticky":false,"template":"","format":"standard","meta":{"spay_email":"","footnotes":"","jetpack_publicize_message":""},"categories":[9],"tags":[],"jetpack_featured_media_url":"https:\/\/i2.wp.com\/jornaldeitaipava.com.br\/wp-content\/uploads\/2024\/03\/notebook-internet-scaled.jpg?fit=2560%2C1703&ssl=1","jetpack_publicize_connections":[],"jetpack_sharing_enabled":true,"jetpack_likes_enabled":true,"jetpack-related-posts":[],"_links":{"self":[{"href":"https:\/\/jornaldeitaipava.com.br\/index.php\/wp-json\/wp\/v2\/posts\/38595"}],"collection":[{"href":"https:\/\/jornaldeitaipava.com.br\/index.php\/wp-json\/wp\/v2\/posts"}],"about":[{"href":"https:\/\/jornaldeitaipava.com.br\/index.php\/wp-json\/wp\/v2\/types\/post"}],"author":[{"embeddable":true,"href":"https:\/\/jornaldeitaipava.com.br\/index.php\/wp-json\/wp\/v2\/users\/1"}],"replies":[{"embeddable":true,"href":"https:\/\/jornaldeitaipava.com.br\/index.php\/wp-json\/wp\/v2\/comments?post=38595"}],"version-history":[{"count":1,"href":"https:\/\/jornaldeitaipava.com.br\/index.php\/wp-json\/wp\/v2\/posts\/38595\/revisions"}],"predecessor-version":[{"id":38597,"href":"https:\/\/jornaldeitaipava.com.br\/index.php\/wp-json\/wp\/v2\/posts\/38595\/revisions\/38597"}],"wp:featuredmedia":[{"embeddable":true,"href":"https:\/\/jornaldeitaipava.com.br\/index.php\/wp-json\/wp\/v2\/media\/38596"}],"wp:attachment":[{"href":"https:\/\/jornaldeitaipava.com.br\/index.php\/wp-json\/wp\/v2\/media?parent=38595"}],"wp:term":[{"taxonomy":"category","embeddable":true,"href":"https:\/\/jornaldeitaipava.com.br\/index.php\/wp-json\/wp\/v2\/categories?post=38595"},{"taxonomy":"post_tag","embeddable":true,"href":"https:\/\/jornaldeitaipava.com.br\/index.php\/wp-json\/wp\/v2\/tags?post=38595"}],"curies":[{"name":"wp","href":"https:\/\/api.w.org\/{rel}","templated":true}]}}