{"id":38598,"date":"2024-03-06T09:36:24","date_gmt":"2024-03-06T12:36:24","guid":{"rendered":"http:\/\/jornaldeitaipava.com.br\/?p=38598"},"modified":"2024-03-06T09:36:25","modified_gmt":"2024-03-06T12:36:25","slug":"governo-do-estado-realiza-segunda-fase-da-licitacao-do-maracana","status":"publish","type":"post","link":"https:\/\/jornaldeitaipava.com.br\/index.php\/2024\/03\/06\/governo-do-estado-realiza-segunda-fase-da-licitacao-do-maracana\/","title":{"rendered":"Governo do Estado realiza segunda fase da licita\u00e7\u00e3o do Maracan\u00e3"},"content":{"rendered":"\n<p class=\"has-text-align-center\"><strong>Etapa marcou a abertura dos envelopes com propostas t\u00e9cnicas dos tr\u00eas habilitados para o processo<br><\/strong><\/p>\n\n\n\n<p>Governo do Estado realizou, na ter\u00e7a-feira (5\/3), a segunda etapa do processo de concess\u00e3o do Complexo Maracan\u00e3, com a abertura das propostas t\u00e9cnicas dos tr\u00eas interessados: Cons\u00f3rcio Maracan\u00e3 para Todos, formado pelo clube Vasco da Gama e pela WTorre Entretenimento e Participa\u00e7\u00f5es Ltda; Cons\u00f3rcio Fla\/Flu, compostos pelos clubes Flamengo e Fluminense; e a empresa RNGD Consultoria de Neg\u00f3cios Ltda. O contrato ser\u00e1 de 20 anos e o edital prev\u00ea que, at\u00e9 o fim da concess\u00e3o, o vencedor fa\u00e7a investimentos de cerca de R$ 186 milh\u00f5es.<br>&#8220;Estamos nos aproximando da fase final do processo de concess\u00e3o, assegurando transpar\u00eancia e equidade para todos os envolvidos. O cons\u00f3rcio vencedor vai assumir a importante responsabilidade de gerir este complexo esportivo, mantendo-o entre os maiores est\u00e1dios do mundo&#8221;, afirmou o governador Cl\u00e1udio Castro.<br>Todos os documentos da segunda etapa ser\u00e3o digitalizados e ficar\u00e3o dispon\u00edveis publicamente. A comiss\u00e3o t\u00e9cnica da Secretaria de Estado da Casa Civil ir\u00e1 avaliar cada proposta e publicar o resultado no Di\u00e1rio Oficial. Em seguida, ser\u00e1 aberto o prazo para recursos.<br>Com a conclus\u00e3o da segunda etapa, ser\u00e1 publicada a data de realiza\u00e7\u00e3o da terceira e \u00faltima fase: avalia\u00e7\u00e3o das propostas financeiras. A classifica\u00e7\u00e3o final dever\u00e1 ser anunciada em meados de 2024.<br>&#8220;O edital garante um processo transparente que prev\u00ea que o Maracan\u00e3 tenha a melhor gest\u00e3o e se mantenha como um importante \u00edcone do esporte e do turismo do pa\u00eds. Nossa equipe t\u00e9cnica trabalha para garantir o sucesso de todas as fases dessa concess\u00e3o&#8221;, disse o secret\u00e1rio da Casa Civil, Nicola Miccione.<\/p>\n","protected":false},"excerpt":{"rendered":"<p>Etapa marcou a abertura dos envelopes com propostas t\u00e9cnicas dos tr\u00eas habilitados para o processo<\/p>\n","protected":false},"author":1,"featured_media":38599,"comment_status":"closed","ping_status":"open","sticky":false,"template":"","format":"standard","meta":{"spay_email":"","footnotes":"","jetpack_publicize_message":""},"categories":[9],"tags":[],"jetpack_featured_media_url":"https:\/\/i1.wp.com\/jornaldeitaipava.com.br\/wp-content\/uploads\/2024\/03\/maraca-scaled.jpg?fit=2560%2C1707&ssl=1","jetpack_publicize_connections":[],"jetpack_sharing_enabled":true,"jetpack_likes_enabled":true,"jetpack-related-posts":[],"_links":{"self":[{"href":"https:\/\/jornaldeitaipava.com.br\/index.php\/wp-json\/wp\/v2\/posts\/38598"}],"collection":[{"href":"https:\/\/jornaldeitaipava.com.br\/index.php\/wp-json\/wp\/v2\/posts"}],"about":[{"href":"https:\/\/jornaldeitaipava.com.br\/index.php\/wp-json\/wp\/v2\/types\/post"}],"author":[{"embeddable":true,"href":"https:\/\/jornaldeitaipava.com.br\/index.php\/wp-json\/wp\/v2\/users\/1"}],"replies":[{"embeddable":true,"href":"https:\/\/jornaldeitaipava.com.br\/index.php\/wp-json\/wp\/v2\/comments?post=38598"}],"version-history":[{"count":1,"href":"https:\/\/jornaldeitaipava.com.br\/index.php\/wp-json\/wp\/v2\/posts\/38598\/revisions"}],"predecessor-version":[{"id":38600,"href":"https:\/\/jornaldeitaipava.com.br\/index.php\/wp-json\/wp\/v2\/posts\/38598\/revisions\/38600"}],"wp:featuredmedia":[{"embeddable":true,"href":"https:\/\/jornaldeitaipava.com.br\/index.php\/wp-json\/wp\/v2\/media\/38599"}],"wp:attachment":[{"href":"https:\/\/jornaldeitaipava.com.br\/index.php\/wp-json\/wp\/v2\/media?parent=38598"}],"wp:term":[{"taxonomy":"category","embeddable":true,"href":"https:\/\/jornaldeitaipava.com.br\/index.php\/wp-json\/wp\/v2\/categories?post=38598"},{"taxonomy":"post_tag","embeddable":true,"href":"https:\/\/jornaldeitaipava.com.br\/index.php\/wp-json\/wp\/v2\/tags?post=38598"}],"curies":[{"name":"wp","href":"https:\/\/api.w.org\/{rel}","templated":true}]}}