{"id":38602,"date":"2024-03-06T11:15:32","date_gmt":"2024-03-06T14:15:32","guid":{"rendered":"http:\/\/jornaldeitaipava.com.br\/?p=38602"},"modified":"2024-03-06T11:15:35","modified_gmt":"2024-03-06T14:15:35","slug":"edicao-2024-do-mulheres-na-corrida-acontece-no-proximo-domingo","status":"publish","type":"post","link":"https:\/\/jornaldeitaipava.com.br\/index.php\/2024\/03\/06\/edicao-2024-do-mulheres-na-corrida-acontece-no-proximo-domingo\/","title":{"rendered":"Edi\u00e7\u00e3o 2024 do \u201cMulheres na Corrida\u201d acontece no pr\u00f3ximo domingo"},"content":{"rendered":"\n<p class=\"has-text-align-center\"><strong>Inscri\u00e7\u00f5es para o kit da corrida feminina est\u00e3o esgotadas, por\u00e9m a participa\u00e7\u00e3o ser\u00e1 aberta ao p\u00fablico<\/strong><\/p>\n\n\n\n<p>No pr\u00f3ximo domingo (10), a Prefeitura vai promover a Mulheres na Corrida 2024, uma competi\u00e7\u00e3o feminina de percurso total de 5 km pelas ruas do Centro Hist\u00f3rico. A corrida faz parte das comemora\u00e7\u00f5es do M\u00eas da Mulher e teve as inscri\u00e7\u00f5es para recebimento do kit\/premia\u00e7\u00e3o esgotadas em menos de quatro horas. Por\u00e9m, a participa\u00e7\u00e3o ser\u00e1&nbsp; aberta ao p\u00fablico feminino que deseja participar. A largada ser\u00e1 \u00e0s 8h na sede da Prefeitura (Avenida Koeler, 260), tendo a concentra\u00e7\u00e3o com in\u00edcio \u00e0s 7h30.<\/p>\n\n\n\n<p>O evento \u00e9 realizado pela Prefeitura, por meio da Secretaria de Esportes, e tem como parceira a empresa Braziline. \u201cNos \u00faltimos dois anos pudemos promover avan\u00e7os em rela\u00e7\u00e3o \u00e0 pauta na cidade, como a cria\u00e7\u00e3o da Secretaria da Mulher e do Fluxograma de Atendimento \u00e0 Mulher em Situa\u00e7\u00e3o de Viol\u00eancia\u201d, observou o prefeito Rubens Bomtempo.&nbsp;<\/p>\n\n\n\n<p>Al\u00e9m da corrida, o M\u00eas da Mulher contar\u00e1 com palestras, \u00d4nibus Lil\u00e1s nas comunidades, e a\u00e7\u00f5es do&nbsp; Centro de Refer\u00eancia de Atendimento \u00e0 Mulher (Cram) e o Conselho Municipal dos Diretores da Mulher (Comdim). \u201cA corrida ser\u00e1 uma grande festa onde vamos promover o bem-estar e a pr\u00e1tica esportiva, al\u00e9m de lembrarmos da luta por igualdade e pelos direitos da mulher\u201d, disse a secret\u00e1ria-chefe de Gabinete e presidente do Comdim, Luciane Bomtempo.&nbsp;<\/p>\n\n\n\n<p>O percurso de 5 km ter\u00e1 o seguinte trajeto pelas ruas do Centro Hist\u00f3rico: Avenida Koeler, contorno da Pra\u00e7a da Liberdade, Rua Roberto da Silveira,&nbsp; Avenida Koeler novamente, Avenida Tiradentes, Rua da Imperatriz, Rua do Imperador (sentido Pra\u00e7a da Inconfid\u00eancia), Rua Marechal Floriano Peixoto, Rua Alberto Torres, passando pela Avenida Ipiranga e&nbsp;<br>retornando para a Avenida Koeler (sede da Prefeitura).&nbsp;<\/p>\n\n\n\n<p>\u201cTivemos as inscri\u00e7\u00f5es para os kits da corrida esgotadas em menos de quatro horas, foi um grande sucesso! E por isso, as mulheres que desejarem participar do evento ser\u00e3o muito bem-vindas a essa grande celebra\u00e7\u00e3o\u201d, finalizou o secret\u00e1rio de Esportes, Thiago Fran\u00e7a.&nbsp;<\/p>\n","protected":false},"excerpt":{"rendered":"<p>Inscri\u00e7\u00f5es para o kit da corrida feminina est\u00e3o esgotadas, por\u00e9m a participa\u00e7\u00e3o ser\u00e1 aberta ao<\/p>\n","protected":false},"author":1,"featured_media":33752,"comment_status":"closed","ping_status":"open","sticky":false,"template":"","format":"standard","meta":{"spay_email":"","footnotes":"","jetpack_publicize_message":""},"categories":[9],"tags":[],"jetpack_featured_media_url":"https:\/\/i2.wp.com\/jornaldeitaipava.com.br\/wp-content\/uploads\/2023\/03\/mulher-corrida.jpg?fit=256%2C151&ssl=1","jetpack_publicize_connections":[],"jetpack_sharing_enabled":true,"jetpack_likes_enabled":true,"jetpack-related-posts":[],"_links":{"self":[{"href":"https:\/\/jornaldeitaipava.com.br\/index.php\/wp-json\/wp\/v2\/posts\/38602"}],"collection":[{"href":"https:\/\/jornaldeitaipava.com.br\/index.php\/wp-json\/wp\/v2\/posts"}],"about":[{"href":"https:\/\/jornaldeitaipava.com.br\/index.php\/wp-json\/wp\/v2\/types\/post"}],"author":[{"embeddable":true,"href":"https:\/\/jornaldeitaipava.com.br\/index.php\/wp-json\/wp\/v2\/users\/1"}],"replies":[{"embeddable":true,"href":"https:\/\/jornaldeitaipava.com.br\/index.php\/wp-json\/wp\/v2\/comments?post=38602"}],"version-history":[{"count":1,"href":"https:\/\/jornaldeitaipava.com.br\/index.php\/wp-json\/wp\/v2\/posts\/38602\/revisions"}],"predecessor-version":[{"id":38603,"href":"https:\/\/jornaldeitaipava.com.br\/index.php\/wp-json\/wp\/v2\/posts\/38602\/revisions\/38603"}],"wp:featuredmedia":[{"embeddable":true,"href":"https:\/\/jornaldeitaipava.com.br\/index.php\/wp-json\/wp\/v2\/media\/33752"}],"wp:attachment":[{"href":"https:\/\/jornaldeitaipava.com.br\/index.php\/wp-json\/wp\/v2\/media?parent=38602"}],"wp:term":[{"taxonomy":"category","embeddable":true,"href":"https:\/\/jornaldeitaipava.com.br\/index.php\/wp-json\/wp\/v2\/categories?post=38602"},{"taxonomy":"post_tag","embeddable":true,"href":"https:\/\/jornaldeitaipava.com.br\/index.php\/wp-json\/wp\/v2\/tags?post=38602"}],"curies":[{"name":"wp","href":"https:\/\/api.w.org\/{rel}","templated":true}]}}