{"id":38604,"date":"2024-03-06T13:12:44","date_gmt":"2024-03-06T16:12:44","guid":{"rendered":"http:\/\/jornaldeitaipava.com.br\/?p=38604"},"modified":"2024-03-06T13:12:47","modified_gmt":"2024-03-06T16:12:47","slug":"cptrans-desmarca-reuniao-com-sindicato-dos-rodoviarios-em-meio-a-expectativas-judiciais","status":"publish","type":"post","link":"https:\/\/jornaldeitaipava.com.br\/index.php\/2024\/03\/06\/cptrans-desmarca-reuniao-com-sindicato-dos-rodoviarios-em-meio-a-expectativas-judiciais\/","title":{"rendered":"CPTRANS DESMARCA REUNI\u00c3O COM SINDICATO DOS RODOVI\u00c1RIOS EM MEIO A EXPECTATIVAS JUDICIAIS"},"content":{"rendered":"\n<p>A Companhia Petropolitana de Tr\u00e2nsito e Transportes (CPTrans) surpreendeu o Sindicato dos Trabalhadores em Transportes Rodovi\u00e1rios de Petr\u00f3polis ao desmarcar uma reuni\u00e3o agendada, para hoje, quarta-feira (06\/03), alegando que qualquer discuss\u00e3o s\u00f3 se far\u00e1 v\u00e1lida ap\u00f3s a audi\u00eancia judicial marcada para o dia 19 de mar\u00e7o que trata da perman\u00eancia ou n\u00e3o da empresa Cascatinha na opera\u00e7\u00e3o de parte do transporte p\u00fablico de passageiros do munic\u00edpio. A decis\u00e3o da CPTrans deixou os representantes sindicais apreensivos, enquanto aguardam o desfecho de uma importante audi\u00eancia no Tribunal de Justi\u00e7a do Rio de Janeiro.<\/p>\n\n\n\n<p>A pauta da reuni\u00e3o cancelada abordaria diversos temas relacionados \u00e0s condi\u00e7\u00f5es de trabalho dos rodovi\u00e1rios, incluindo a possibilidade de demiss\u00f5es de trabalhadores e as quest\u00f5es relacionadas aos direitos trabalhistas.<\/p>\n\n\n\n<p>\u201cA decis\u00e3o judicial prevista para a audi\u00eancia do dia 19 de mar\u00e7o determinar\u00e1 a perman\u00eancia ou n\u00e3o da empresa Cascatinha na opera\u00e7\u00e3o do transporte de passageiros no munic\u00edpio, impactando diretamente na vida dos trabalhadores rodovi\u00e1rios e a rotina de milhares de usu\u00e1rios, por isso estamos tentando estar um passo \u00e0 frente e avaliando todas as possibilidades para defender e proteger os trabalhadores\u201d, pontuou Glauco da Costa, presidente do Sind. Rodovi\u00e1rios.<\/p>\n\n\n\n<p>A audi\u00eancia no Tribunal de Justi\u00e7a do Rio de Janeiro ser\u00e1 um momento crucial para o setor de transporte p\u00fablico em Petr\u00f3polis, com a decis\u00e3o potencialmente moldando o futuro das opera\u00e7\u00f5es e servi\u00e7os oferecidos \u00e0 comunidade. O sindicato aguarda com expectativas a resolu\u00e7\u00e3o desse impasse judicial e permanece comprometido em buscar o melhor para os trabalhadores do transporte rodovi\u00e1rio na regi\u00e3o.<\/p>\n","protected":false},"excerpt":{"rendered":"<p>A Companhia Petropolitana de Tr\u00e2nsito e Transportes (CPTrans) surpreendeu o Sindicato dos Trabalhadores em Transportes<\/p>\n","protected":false},"author":1,"featured_media":34424,"comment_status":"closed","ping_status":"open","sticky":false,"template":"","format":"standard","meta":{"spay_email":"","footnotes":"","jetpack_publicize_message":""},"categories":[2],"tags":[],"jetpack_featured_media_url":"https:\/\/i1.wp.com\/jornaldeitaipava.com.br\/wp-content\/uploads\/2023\/04\/SIND-RODOV.png?fit=997%2C549&ssl=1","jetpack_publicize_connections":[],"jetpack_sharing_enabled":true,"jetpack_likes_enabled":true,"jetpack-related-posts":[],"_links":{"self":[{"href":"https:\/\/jornaldeitaipava.com.br\/index.php\/wp-json\/wp\/v2\/posts\/38604"}],"collection":[{"href":"https:\/\/jornaldeitaipava.com.br\/index.php\/wp-json\/wp\/v2\/posts"}],"about":[{"href":"https:\/\/jornaldeitaipava.com.br\/index.php\/wp-json\/wp\/v2\/types\/post"}],"author":[{"embeddable":true,"href":"https:\/\/jornaldeitaipava.com.br\/index.php\/wp-json\/wp\/v2\/users\/1"}],"replies":[{"embeddable":true,"href":"https:\/\/jornaldeitaipava.com.br\/index.php\/wp-json\/wp\/v2\/comments?post=38604"}],"version-history":[{"count":1,"href":"https:\/\/jornaldeitaipava.com.br\/index.php\/wp-json\/wp\/v2\/posts\/38604\/revisions"}],"predecessor-version":[{"id":38605,"href":"https:\/\/jornaldeitaipava.com.br\/index.php\/wp-json\/wp\/v2\/posts\/38604\/revisions\/38605"}],"wp:featuredmedia":[{"embeddable":true,"href":"https:\/\/jornaldeitaipava.com.br\/index.php\/wp-json\/wp\/v2\/media\/34424"}],"wp:attachment":[{"href":"https:\/\/jornaldeitaipava.com.br\/index.php\/wp-json\/wp\/v2\/media?parent=38604"}],"wp:term":[{"taxonomy":"category","embeddable":true,"href":"https:\/\/jornaldeitaipava.com.br\/index.php\/wp-json\/wp\/v2\/categories?post=38604"},{"taxonomy":"post_tag","embeddable":true,"href":"https:\/\/jornaldeitaipava.com.br\/index.php\/wp-json\/wp\/v2\/tags?post=38604"}],"curies":[{"name":"wp","href":"https:\/\/api.w.org\/{rel}","templated":true}]}}