{"id":38606,"date":"2024-03-06T13:14:31","date_gmt":"2024-03-06T16:14:31","guid":{"rendered":"http:\/\/jornaldeitaipava.com.br\/?p=38606"},"modified":"2024-03-06T13:14:34","modified_gmt":"2024-03-06T16:14:34","slug":"apos-temporal-de-terca-a-noite-saiba-como-esta-a-operacao-dos-onibus-em-petropolis","status":"publish","type":"post","link":"https:\/\/jornaldeitaipava.com.br\/index.php\/2024\/03\/06\/apos-temporal-de-terca-a-noite-saiba-como-esta-a-operacao-dos-onibus-em-petropolis\/","title":{"rendered":"Ap\u00f3s temporal de ter\u00e7a a noite saiba como est\u00e1 a opera\u00e7\u00e3o dos \u00f4nibus em Petr\u00f3polis"},"content":{"rendered":"\n<p>A forte chuva que vem atingindo o munic\u00edpio de Petr\u00f3polis est\u00e1 resultando em impactos na opera\u00e7\u00e3o dos \u00f4nibus, principalmente, devido \u00e0s quedas de \u00e1rvores, alagamentos e deslizamentos. Na tarde desta quarta-feira (6), 14 linhas de \u00f4nibus ainda enfrentam os reflexos do temporal registrado nas \u00faltimas horas.<br>A linha 150 \u2013 Terminal Corr\u00eaas x Rodovi\u00e1ria Bingen, da empresa Cidade Real, est\u00e1 com atrasos de at\u00e9 20 minutos entre as viagens, devido \u00e0 limpeza da Estrada Uni\u00e3o e Ind\u00fastria, ap\u00f3s a chuva que atingiu, de forma mais intensa, a regi\u00e3o de Corr\u00eaas, agravada tamb\u00e9m por obras da concession\u00e1ria de \u00e1guas em Nogueira e na Vila Epit\u00e1cio.<br>A Turp Transporte, neste momento, sofre com impactos na opera\u00e7\u00e3o de 11 linhas, somente na Estrada Uni\u00e3o e Ind\u00fastria, pr\u00f3ximo \u00e0 Igreja Assembleia de Deus, em Corr\u00eaas, ap\u00f3s a queda de uma \u00e1rvore em uma curva. O trajeto, sinalizado apenas com uma placa, al\u00e9m de provocar fortes reten\u00e7\u00f5es no trecho, ainda apresenta riscos de acidentes, pois os ve\u00edculos precisam acessar a contram\u00e3o da pista para seguir trajeto.<br>As linhas afetadas s\u00e3o a 602 \u2013 Vale das Videiras, 603 \u2013 \u00c1guas Lindas, 604 \u2013 Vila Epit\u00e1cio, 606 \u2013 Alcides Carneiro, 608 \u2013 Calembe, 609 \u2013 Castelo S\u00e3o Manoel, 610 \u2013 Araras, 611 \u2013 Bonfim (Pinheiral), 618 \u2013 Santa Luzia, 622 \u2013 Vista Alegre e 700 \u2013 Terminal Itaipava.<br>A Turp Transporte tamb\u00e9m enfrenta altera\u00e7\u00f5es na opera\u00e7\u00e3o da linha 606 \u2013 Alcides Carneiro, devido \u00e0 queda de \u00e1rvore na Estrada Mineira, pr\u00f3ximo ao posto de gasolina. O \u00f4nibus est\u00e1 sem operar por um quil\u00f4metro, realizando trajeto nos dois sentidos pela Pra\u00e7a de Corr\u00eaas. J\u00e1 a linha 619 \u2013 Castelo S\u00e3o Manoel est\u00e1 manobrando na Rua 12, ap\u00f3s a queda de barreira no ponto final.<br>O Setranspetro realiza, diariamente, atualiza\u00e7\u00f5es sobre a opera\u00e7\u00e3o dos \u00f4nibus nas redes sociais, atrav\u00e9s do @setranspetro.<\/p>\n","protected":false},"excerpt":{"rendered":"<p>A forte chuva que vem atingindo o munic\u00edpio de Petr\u00f3polis est\u00e1 resultando em impactos na<\/p>\n","protected":false},"author":1,"featured_media":27665,"comment_status":"closed","ping_status":"open","sticky":false,"template":"","format":"standard","meta":{"spay_email":"","footnotes":"","jetpack_publicize_message":""},"categories":[24],"tags":[],"jetpack_featured_media_url":"https:\/\/i0.wp.com\/jornaldeitaipava.com.br\/wp-content\/uploads\/2022\/05\/TERMINAL-CENTRO-ONIBUS.jpg?fit=1416%2C1062&ssl=1","jetpack_publicize_connections":[],"jetpack_sharing_enabled":true,"jetpack_likes_enabled":true,"jetpack-related-posts":[],"_links":{"self":[{"href":"https:\/\/jornaldeitaipava.com.br\/index.php\/wp-json\/wp\/v2\/posts\/38606"}],"collection":[{"href":"https:\/\/jornaldeitaipava.com.br\/index.php\/wp-json\/wp\/v2\/posts"}],"about":[{"href":"https:\/\/jornaldeitaipava.com.br\/index.php\/wp-json\/wp\/v2\/types\/post"}],"author":[{"embeddable":true,"href":"https:\/\/jornaldeitaipava.com.br\/index.php\/wp-json\/wp\/v2\/users\/1"}],"replies":[{"embeddable":true,"href":"https:\/\/jornaldeitaipava.com.br\/index.php\/wp-json\/wp\/v2\/comments?post=38606"}],"version-history":[{"count":1,"href":"https:\/\/jornaldeitaipava.com.br\/index.php\/wp-json\/wp\/v2\/posts\/38606\/revisions"}],"predecessor-version":[{"id":38607,"href":"https:\/\/jornaldeitaipava.com.br\/index.php\/wp-json\/wp\/v2\/posts\/38606\/revisions\/38607"}],"wp:featuredmedia":[{"embeddable":true,"href":"https:\/\/jornaldeitaipava.com.br\/index.php\/wp-json\/wp\/v2\/media\/27665"}],"wp:attachment":[{"href":"https:\/\/jornaldeitaipava.com.br\/index.php\/wp-json\/wp\/v2\/media?parent=38606"}],"wp:term":[{"taxonomy":"category","embeddable":true,"href":"https:\/\/jornaldeitaipava.com.br\/index.php\/wp-json\/wp\/v2\/categories?post=38606"},{"taxonomy":"post_tag","embeddable":true,"href":"https:\/\/jornaldeitaipava.com.br\/index.php\/wp-json\/wp\/v2\/tags?post=38606"}],"curies":[{"name":"wp","href":"https:\/\/api.w.org\/{rel}","templated":true}]}}