{"id":38608,"date":"2024-03-07T09:34:53","date_gmt":"2024-03-07T12:34:53","guid":{"rendered":"http:\/\/jornaldeitaipava.com.br\/?p=38608"},"modified":"2024-03-07T09:34:55","modified_gmt":"2024-03-07T12:34:55","slug":"prefeitura-anuncia-novo-aumento-no-valor-per-capta-para-entidades-educacionais-conveniadas","status":"publish","type":"post","link":"https:\/\/jornaldeitaipava.com.br\/index.php\/2024\/03\/07\/prefeitura-anuncia-novo-aumento-no-valor-per-capta-para-entidades-educacionais-conveniadas\/","title":{"rendered":"Prefeitura anuncia novo aumento no valor per capta para entidades educacionais conveniadas"},"content":{"rendered":"\n<p class=\"has-text-align-center\"><strong>An\u00fancio foi feito durante a posse dos novos membros do do Conselho Municipal dos Direitos da Crian\u00e7a e do Adolescente &#8211; CMDCA<\/strong><\/p>\n\n\n\n<p><br>A Prefeitura deu posse na \u00faltima ter\u00e7a-feira (05) a sete novos membros da CMDCA e seus respectivos suplentes. Os novos conselheiros representam institui\u00e7\u00f5es da sociedade civil ligadas ao Conselho. Durante a cerim\u00f4nia, o governo municipal tamb\u00e9m anunciou um novo aumento no valor per capita por aluno para institui\u00e7\u00f5es conveniadas com a rede municipal de Educa\u00e7\u00e3o.<br>Para as unidades que atendem a Educa\u00e7\u00e3o Infantil, a per capita passa de R$ 360 para R$ 380. J\u00e1 as do Ensino Fundamental (anos iniciais) passam de R$ 264 para R$ 279 , e as que atendem os anos finais do Ensino Fundamental passaram de R$ 260 para R$ 329.<br>\u201cO trabalho realizado pelos conselheiros \u00e9 essencial para que possamos fortalecer as pol\u00edticas p\u00fablicas da nossa cidade. E na Educa\u00e7\u00e3o, as pol\u00edticas p\u00fablicas s\u00e3o baseadas em um projeto pedag\u00f3gico aplicado em rede. Com esse novo aumento per capta estamos fazendo um investimento direto em mais de 1200 alunos, e isso passa diretamente pelos direitos da crian\u00e7a e do adolescente\u201d, explicou o prefeito Rubens Bomtempo.<br>A conselheira e secret\u00e1ria-chefe de gabinete Luciane Bomtempo foi convidada pelos novos conselheiros da sociedade civil a permanecer na presid\u00eancia at\u00e9 31\/12\/24. \u201cEstou muito feliz e honrada por novamente tomar posse da presid\u00eancia do CMDCA. O trabalho que estamos fazendo est\u00e1 dando frutos e isso \u00e9 muito gratificante. Continuaremos lutando para que as pol\u00edticas p\u00fablicas sobre a crian\u00e7a e o adolescente sejam valorizadas na nossa cidade\u201d, disse.<br>O CMDCA Petr\u00f3polis \u00e9 um dos mais antigos conselhos da crian\u00e7a do pa\u00eds, com 23 anos. O mesmo tempo de exist\u00eancia do Estatuto da Crian\u00e7a e do Adolescente (ECA). \u201cTemos um conselho forte, uma refer\u00eancia no Brasil! E como conselheiro, \u00e9 um momento de grande alegria. Desejo boa sorte aos novos membros e possamos juntos continuar esse trabalho\u201d, destacou o vice-presidente do CMDCA, Jos\u00e9 Cl\u00e1udio de Souza J\u00fanior.<\/p>\n\n\n\n<p><strong>Os novos conselheiros s\u00e3o representantes das seguintes institui\u00e7\u00f5es:<br><\/strong>AJA &#8211; Associa\u00e7\u00e3o Jovens em A\u00e7\u00e3o<br>Escola Dom\u00e9stica N.S do Amparo<br>Centro Educacional Terra Santa<br>Associa\u00e7\u00e3o Lar Santa Catarina<br>Lar de Crian\u00e7as N. Senhora das Gra\u00e7as<br>Col\u00e9gio Santa Catarina<br>Associa\u00e7\u00e3o da Creche S\u00e3o Francisco de Assis<\/p>\n","protected":false},"excerpt":{"rendered":"<p>An\u00fancio foi feito durante a posse dos novos membros do do Conselho Municipal dos Direitos<\/p>\n","protected":false},"author":1,"featured_media":38609,"comment_status":"closed","ping_status":"open","sticky":false,"template":"","format":"standard","meta":{"spay_email":"","footnotes":"","jetpack_publicize_message":""},"categories":[2],"tags":[],"jetpack_featured_media_url":"https:\/\/i1.wp.com\/jornaldeitaipava.com.br\/wp-content\/uploads\/2024\/03\/WhatsApp-Image-2024-03-06-at-16.13.52.jpeg?fit=1599%2C1066&ssl=1","jetpack_publicize_connections":[],"jetpack_sharing_enabled":true,"jetpack_likes_enabled":true,"jetpack-related-posts":[],"_links":{"self":[{"href":"https:\/\/jornaldeitaipava.com.br\/index.php\/wp-json\/wp\/v2\/posts\/38608"}],"collection":[{"href":"https:\/\/jornaldeitaipava.com.br\/index.php\/wp-json\/wp\/v2\/posts"}],"about":[{"href":"https:\/\/jornaldeitaipava.com.br\/index.php\/wp-json\/wp\/v2\/types\/post"}],"author":[{"embeddable":true,"href":"https:\/\/jornaldeitaipava.com.br\/index.php\/wp-json\/wp\/v2\/users\/1"}],"replies":[{"embeddable":true,"href":"https:\/\/jornaldeitaipava.com.br\/index.php\/wp-json\/wp\/v2\/comments?post=38608"}],"version-history":[{"count":1,"href":"https:\/\/jornaldeitaipava.com.br\/index.php\/wp-json\/wp\/v2\/posts\/38608\/revisions"}],"predecessor-version":[{"id":38610,"href":"https:\/\/jornaldeitaipava.com.br\/index.php\/wp-json\/wp\/v2\/posts\/38608\/revisions\/38610"}],"wp:featuredmedia":[{"embeddable":true,"href":"https:\/\/jornaldeitaipava.com.br\/index.php\/wp-json\/wp\/v2\/media\/38609"}],"wp:attachment":[{"href":"https:\/\/jornaldeitaipava.com.br\/index.php\/wp-json\/wp\/v2\/media?parent=38608"}],"wp:term":[{"taxonomy":"category","embeddable":true,"href":"https:\/\/jornaldeitaipava.com.br\/index.php\/wp-json\/wp\/v2\/categories?post=38608"},{"taxonomy":"post_tag","embeddable":true,"href":"https:\/\/jornaldeitaipava.com.br\/index.php\/wp-json\/wp\/v2\/tags?post=38608"}],"curies":[{"name":"wp","href":"https:\/\/api.w.org\/{rel}","templated":true}]}}