{"id":38625,"date":"2024-03-07T09:52:05","date_gmt":"2024-03-07T12:52:05","guid":{"rendered":"http:\/\/jornaldeitaipava.com.br\/?p=38625"},"modified":"2024-03-07T09:52:06","modified_gmt":"2024-03-07T12:52:06","slug":"miguel-pereira-inaugura-trem-maria-fumaca-este-mes","status":"publish","type":"post","link":"https:\/\/jornaldeitaipava.com.br\/index.php\/2024\/03\/07\/miguel-pereira-inaugura-trem-maria-fumaca-este-mes\/","title":{"rendered":"Miguel Pereira inaugura trem Maria Fuma\u00e7a este m\u00eas"},"content":{"rendered":"\n<p>O munic\u00edpio de Miguel Perreira, no Sul Fluminense, est\u00e1 prestes a inaugurar o trem Maria Fuma\u00e7a. A viagem inaugural acontecer\u00e1 no dia 30 deste m\u00eas. Para tornar a experi\u00eancia ainda mais marcante, tripulantes vestir\u00e3o trajes de \u00e9poca, tornando o passeio uma viagem no tempo.<br>Com um trajeto de 9km, a Maria Fuma\u00e7a percorrer\u00e1 do centro da cidade ao distrito de Governador Portela. Nos meses seguintes, o percurso ser\u00e1 estendido at\u00e9 Frontin, em Vera Cruz. Doado pela Fecom\u00e9rcio (Federa\u00e7\u00e3o do Com\u00e9rcio do Estado), o equipamento funcionar\u00e1 com duas composi\u00e7\u00f5es: duas locomotivas e tr\u00eas vag\u00f5es para cada uma<br>Segundo o prefeito de Miguel Pereira, Andr\u00e9 Portugu\u00eas, al\u00e9m de resgatar a cultura do munic\u00edpio, onde h\u00e1 um conjunto ferrovi\u00e1rio da RFFSA tombado como patrim\u00f4nio cultural naciona\u200bl, a locomotiva a vapor movimenta a economia e o turismo. A expectativa \u00e9 que o equipamento transporte 950 mil passageiros por ano.<\/p>\n","protected":false},"excerpt":{"rendered":"<p>O munic\u00edpio de Miguel Perreira, no Sul Fluminense, est\u00e1 prestes a inaugurar o trem Maria<\/p>\n","protected":false},"author":1,"featured_media":38626,"comment_status":"closed","ping_status":"open","sticky":false,"template":"","format":"standard","meta":{"spay_email":"","footnotes":"","jetpack_publicize_message":""},"categories":[42],"tags":[],"jetpack_featured_media_url":"https:\/\/i2.wp.com\/jornaldeitaipava.com.br\/wp-content\/uploads\/2024\/03\/maria-fumaca.png?fit=788%2C429&ssl=1","jetpack_publicize_connections":[],"jetpack_sharing_enabled":true,"jetpack_likes_enabled":true,"jetpack-related-posts":[],"_links":{"self":[{"href":"https:\/\/jornaldeitaipava.com.br\/index.php\/wp-json\/wp\/v2\/posts\/38625"}],"collection":[{"href":"https:\/\/jornaldeitaipava.com.br\/index.php\/wp-json\/wp\/v2\/posts"}],"about":[{"href":"https:\/\/jornaldeitaipava.com.br\/index.php\/wp-json\/wp\/v2\/types\/post"}],"author":[{"embeddable":true,"href":"https:\/\/jornaldeitaipava.com.br\/index.php\/wp-json\/wp\/v2\/users\/1"}],"replies":[{"embeddable":true,"href":"https:\/\/jornaldeitaipava.com.br\/index.php\/wp-json\/wp\/v2\/comments?post=38625"}],"version-history":[{"count":1,"href":"https:\/\/jornaldeitaipava.com.br\/index.php\/wp-json\/wp\/v2\/posts\/38625\/revisions"}],"predecessor-version":[{"id":38627,"href":"https:\/\/jornaldeitaipava.com.br\/index.php\/wp-json\/wp\/v2\/posts\/38625\/revisions\/38627"}],"wp:featuredmedia":[{"embeddable":true,"href":"https:\/\/jornaldeitaipava.com.br\/index.php\/wp-json\/wp\/v2\/media\/38626"}],"wp:attachment":[{"href":"https:\/\/jornaldeitaipava.com.br\/index.php\/wp-json\/wp\/v2\/media?parent=38625"}],"wp:term":[{"taxonomy":"category","embeddable":true,"href":"https:\/\/jornaldeitaipava.com.br\/index.php\/wp-json\/wp\/v2\/categories?post=38625"},{"taxonomy":"post_tag","embeddable":true,"href":"https:\/\/jornaldeitaipava.com.br\/index.php\/wp-json\/wp\/v2\/tags?post=38625"}],"curies":[{"name":"wp","href":"https:\/\/api.w.org\/{rel}","templated":true}]}}