{"id":38628,"date":"2024-03-07T09:55:12","date_gmt":"2024-03-07T12:55:12","guid":{"rendered":"http:\/\/jornaldeitaipava.com.br\/?p=38628"},"modified":"2024-03-07T09:55:14","modified_gmt":"2024-03-07T12:55:14","slug":"vereador-junior-coruja-obtem-junto-ao-deputado-federal-hugo-leal-r-35-milhoes-em-emendas-para-a-saude-e-assistencia-social-de-petropolis","status":"publish","type":"post","link":"https:\/\/jornaldeitaipava.com.br\/index.php\/2024\/03\/07\/vereador-junior-coruja-obtem-junto-ao-deputado-federal-hugo-leal-r-35-milhoes-em-emendas-para-a-saude-e-assistencia-social-de-petropolis\/","title":{"rendered":"VEREADOR J\u00daNIOR CORUJA OBT\u00c9M JUNTO AO DEPUTADO FEDERAL HUGO LEAL, R$ 3,5 MILH\u00d5ES EM EMENDAS PARA A SA\u00daDE E ASSIST\u00caNCIA SOCIAL DE PETR\u00d3POLIS"},"content":{"rendered":"\n<p>Nesta quarta-feira (06), o vereador J\u00fanior Coruja teve uma agenda produtiva em Bras\u00edlia em prol de Petr\u00f3polis. Em visita ao Congresso Nacional, o vereador esteve reunido no gabinete do Deputado Federal Hugo Leal, onde conseguiu uma conquista significativa para o munic\u00edpio. Por meio de sua articula\u00e7\u00e3o pol\u00edtica, o presidente da C\u00e2mara Municipal assegurou a destina\u00e7\u00e3o de R$ 3,5 milh\u00f5es em emendas para Petr\u00f3polis.<br>Deste montante, R$ 1,5 milh\u00e3o ser\u00e1 direcionado \u00e0 pasta da Assist\u00eancia Social, visando fortalecer os programas e projetos que beneficiam os mais necessitados em nossa cidade. Al\u00e9m disso, outros R$ 2 milh\u00f5es ser\u00e3o investidos na \u00e1rea da sa\u00fade, para aprimorar o atendimento e garantir melhores condi\u00e7\u00f5es de sa\u00fade \u00e0 popula\u00e7\u00e3o.<br>Essa conquista evidencia o comprometimento do vereador J\u00fanior Coruja com o desenvolvimento e o bem-estar da comunidade petropolitana. &#8220;Essas emendas obtidas junto ao Deputado Hugo Leal, representam um importante apoio para enfrentar os desafios e suprir as demandas essenciais nessas \u00e1reas fundamentais para o nosso munic\u00edpio&#8221; disse o vereador J\u00fanior Coruja.<br>J\u00e1 o deputado Hugo Leal reiterou que o aux\u00edlio \u00e0 sa\u00fade em Petr\u00f3polis \u00e9 um compromisso que ele tem tido ano a ano com a destina\u00e7\u00e3o de emendas parlamentares e apontou a Assist\u00eancia Social como uma pasta que tamb\u00e9m possui necessidades a serem atendidas em Petr\u00f3polis.<\/p>\n","protected":false},"excerpt":{"rendered":"<p>Nesta quarta-feira (06), o vereador J\u00fanior Coruja teve uma agenda produtiva em Bras\u00edlia em prol<\/p>\n","protected":false},"author":1,"featured_media":38629,"comment_status":"closed","ping_status":"open","sticky":false,"template":"","format":"standard","meta":{"spay_email":"","footnotes":"","jetpack_publicize_message":""},"categories":[2],"tags":[],"jetpack_featured_media_url":"https:\/\/i0.wp.com\/jornaldeitaipava.com.br\/wp-content\/uploads\/2024\/03\/CORUJA-E-HUGO.png?fit=246%2C198&ssl=1","jetpack_publicize_connections":[],"jetpack_sharing_enabled":true,"jetpack_likes_enabled":true,"jetpack-related-posts":[],"_links":{"self":[{"href":"https:\/\/jornaldeitaipava.com.br\/index.php\/wp-json\/wp\/v2\/posts\/38628"}],"collection":[{"href":"https:\/\/jornaldeitaipava.com.br\/index.php\/wp-json\/wp\/v2\/posts"}],"about":[{"href":"https:\/\/jornaldeitaipava.com.br\/index.php\/wp-json\/wp\/v2\/types\/post"}],"author":[{"embeddable":true,"href":"https:\/\/jornaldeitaipava.com.br\/index.php\/wp-json\/wp\/v2\/users\/1"}],"replies":[{"embeddable":true,"href":"https:\/\/jornaldeitaipava.com.br\/index.php\/wp-json\/wp\/v2\/comments?post=38628"}],"version-history":[{"count":1,"href":"https:\/\/jornaldeitaipava.com.br\/index.php\/wp-json\/wp\/v2\/posts\/38628\/revisions"}],"predecessor-version":[{"id":38630,"href":"https:\/\/jornaldeitaipava.com.br\/index.php\/wp-json\/wp\/v2\/posts\/38628\/revisions\/38630"}],"wp:featuredmedia":[{"embeddable":true,"href":"https:\/\/jornaldeitaipava.com.br\/index.php\/wp-json\/wp\/v2\/media\/38629"}],"wp:attachment":[{"href":"https:\/\/jornaldeitaipava.com.br\/index.php\/wp-json\/wp\/v2\/media?parent=38628"}],"wp:term":[{"taxonomy":"category","embeddable":true,"href":"https:\/\/jornaldeitaipava.com.br\/index.php\/wp-json\/wp\/v2\/categories?post=38628"},{"taxonomy":"post_tag","embeddable":true,"href":"https:\/\/jornaldeitaipava.com.br\/index.php\/wp-json\/wp\/v2\/tags?post=38628"}],"curies":[{"name":"wp","href":"https:\/\/api.w.org\/{rel}","templated":true}]}}