{"id":38631,"date":"2024-03-07T10:11:07","date_gmt":"2024-03-07T13:11:07","guid":{"rendered":"http:\/\/jornaldeitaipava.com.br\/?p=38631"},"modified":"2024-03-07T10:11:09","modified_gmt":"2024-03-07T13:11:09","slug":"curso-sobre-economia-popular-para-mulheres-esta-com-as-inscricoes-abertas","status":"publish","type":"post","link":"https:\/\/jornaldeitaipava.com.br\/index.php\/2024\/03\/07\/curso-sobre-economia-popular-para-mulheres-esta-com-as-inscricoes-abertas\/","title":{"rendered":"Curso sobre economia popular para mulheres est\u00e1 com as inscri\u00e7\u00f5es abertas"},"content":{"rendered":"\n<p class=\"has-text-align-center\"><strong>Iniciativa da vereadora J\u00falia Casamasso tem como objetivo debater o feminismo, o or\u00e7amento p\u00fablico e as cargas tribut\u00e1rias<\/strong><\/p>\n\n\n\n<p><br>Dos dias 11 a 14 de mar\u00e7o, \u00e0s 18h30, ser\u00e1 realizado o Curso Popular: Mulheres, Economia e Or\u00e7amento P\u00fablico cuja a proposta \u00e9 aprofundar o debate econ\u00f4mico e feminista de maneira acess\u00edvel e, principalmente, relevante para as mulheres. A iniciativa \u00e9 da vereadora J\u00falia Casamasso, representante da Coletiva Feminista Popular, em parceria com o Instituo Equit, organiza\u00e7\u00e3o empenhada em contribuir com a transforma\u00e7\u00e3o da sociedade, atuando pela autonomia das mulheres como uma quest\u00e3o de direitos humanos e condi\u00e7\u00e3o para a justi\u00e7a social.<br>Ao todo, ser\u00e3o quatro aulas, tr\u00eas delas online e a \u00faltima ocorrer\u00e1 de forma presencial, no sal\u00e3o nobre do Cefet Petr\u00f3polis, sempre no mesmo hor\u00e1rio. E as inscri\u00e7\u00f5es podem ser feitas no link dispon\u00edvel no perfil da Coletiva no Instagram ou clicando aqui. Ao final do curso, as participantes que tiverem 75% de participa\u00e7\u00e3o receber\u00e3o um certificado.<br>\u201cEsse curso \u00e9 fundamental para que possamos compreender melhor como a economia e o or\u00e7amento p\u00fablico impactam nossas vidas, aprofundando a desigualdade financeira entre mulheres e homens. E, por meio de debates como os que ser\u00e3o levantados nessa iniciativa, buscamos construir uma perspectiva feminista sobre o tema capaz de promover mudan\u00e7as estruturais na realidade das mulheres\u201d, destaca a parlamentar.<br>Alguns dos t\u00f3picos abordados durante a forma\u00e7\u00e3o s\u00e3o: divis\u00e3o sexual do trabalho, economia nacional, \u201cpink tax\u201d (taxa rosa), a tributa\u00e7\u00e3o das mulheres, entre outros.<br>\u201cNo caso do tema sobre o \u2018Pink Tax\u2019 (Taxa Rosa), vamos explicar sobre essa pr\u00e1tica aplicada ao mercado de consumo, no qual os produtos destinados ao p\u00fablico feminino s\u00e3o mais caros do que os equivalentes masculinos. Ou seja, se \u00e9 rosa e \u00e9 destinado \u00e0s mulheres, ter\u00e1 um custo maior, impactando desde roupas at\u00e9 servi\u00e7os, incluindo produtos de higiene feminina, como absorventes. Isso resulta em um aprofundamento das desigualdades econ\u00f4micas entre homens e mulheres\u201d, explica J\u00falia.<br>Lembrando que o curso ser\u00e1 realizado na pr\u00f3xima semana, dos dias 11 a 14 de mar\u00e7o de forma online e ser\u00e1 encerrado presencialmente, no Cefet Petr\u00f3polis, localizado na Rua Imperador, 971, Centro, sempre a partir das 18h30. Fa\u00e7a sua inscri\u00e7\u00e3o no perfil da Coletiva no Instagram ou clicando <a href=\"https:\/\/docs.google.com\/forms\/d\/e\/1FAIpQLSfNmRPXpyht4Lv9x_PordOuxRPb6mrmYipPgg6xEnnIbzo-5w\/viewform\">aqui<\/a>.<\/p>\n","protected":false},"excerpt":{"rendered":"<p>Iniciativa da vereadora J\u00falia Casamasso tem como objetivo debater o feminismo, o or\u00e7amento p\u00fablico e<\/p>\n","protected":false},"author":1,"featured_media":38632,"comment_status":"closed","ping_status":"open","sticky":false,"template":"","format":"standard","meta":{"spay_email":"","footnotes":"","jetpack_publicize_message":""},"categories":[2],"tags":[],"jetpack_featured_media_url":"https:\/\/i1.wp.com\/jornaldeitaipava.com.br\/wp-content\/uploads\/2024\/03\/Julia-Casamasso-Credito-Amanda-Barbatti_1.jpg?fit=1600%2C1066&ssl=1","jetpack_publicize_connections":[],"jetpack_sharing_enabled":true,"jetpack_likes_enabled":true,"jetpack-related-posts":[],"_links":{"self":[{"href":"https:\/\/jornaldeitaipava.com.br\/index.php\/wp-json\/wp\/v2\/posts\/38631"}],"collection":[{"href":"https:\/\/jornaldeitaipava.com.br\/index.php\/wp-json\/wp\/v2\/posts"}],"about":[{"href":"https:\/\/jornaldeitaipava.com.br\/index.php\/wp-json\/wp\/v2\/types\/post"}],"author":[{"embeddable":true,"href":"https:\/\/jornaldeitaipava.com.br\/index.php\/wp-json\/wp\/v2\/users\/1"}],"replies":[{"embeddable":true,"href":"https:\/\/jornaldeitaipava.com.br\/index.php\/wp-json\/wp\/v2\/comments?post=38631"}],"version-history":[{"count":1,"href":"https:\/\/jornaldeitaipava.com.br\/index.php\/wp-json\/wp\/v2\/posts\/38631\/revisions"}],"predecessor-version":[{"id":38633,"href":"https:\/\/jornaldeitaipava.com.br\/index.php\/wp-json\/wp\/v2\/posts\/38631\/revisions\/38633"}],"wp:featuredmedia":[{"embeddable":true,"href":"https:\/\/jornaldeitaipava.com.br\/index.php\/wp-json\/wp\/v2\/media\/38632"}],"wp:attachment":[{"href":"https:\/\/jornaldeitaipava.com.br\/index.php\/wp-json\/wp\/v2\/media?parent=38631"}],"wp:term":[{"taxonomy":"category","embeddable":true,"href":"https:\/\/jornaldeitaipava.com.br\/index.php\/wp-json\/wp\/v2\/categories?post=38631"},{"taxonomy":"post_tag","embeddable":true,"href":"https:\/\/jornaldeitaipava.com.br\/index.php\/wp-json\/wp\/v2\/tags?post=38631"}],"curies":[{"name":"wp","href":"https:\/\/api.w.org\/{rel}","templated":true}]}}