{"id":38634,"date":"2024-03-07T12:32:23","date_gmt":"2024-03-07T15:32:23","guid":{"rendered":"http:\/\/jornaldeitaipava.com.br\/?p=38634"},"modified":"2024-03-07T12:32:26","modified_gmt":"2024-03-07T15:32:26","slug":"video-infectologista-da-unimed-petropolis-faz-alerta-sobre-os-casos-de-dengue-na-cidade","status":"publish","type":"post","link":"https:\/\/jornaldeitaipava.com.br\/index.php\/2024\/03\/07\/video-infectologista-da-unimed-petropolis-faz-alerta-sobre-os-casos-de-dengue-na-cidade\/","title":{"rendered":"V\u00eddeo: infectologista da Unimed Petr\u00f3polis faz alerta sobre os casos de dengue na cidade"},"content":{"rendered":"\n<p class=\"has-text-align-center\"><strong>Dr. Marco Liserre explica quais s\u00e3o os sintomas e principais alertas em caso de diagn\u00f3stico da doen\u00e7a<\/strong><\/p>\n\n\n\n<p>A dengue \u00e9 uma doen\u00e7a infectocontagiosa causada atrav\u00e9s da picada do mosquito Aedes Aegypti que nos contamina com o Flavivirus. Ele tem grande poder de dissemina\u00e7\u00e3o e pode provocar quadros cl\u00ednicos que v\u00e3o desde as formas cl\u00e1ssicas &#8211; sintom\u00e1ticas ou assintom\u00e1ticas &#8211; at\u00e9 as formas graves da doen\u00e7a, e seu diagn\u00f3stico se d\u00e1 atrav\u00e9s do exame de sangue.<br>Na forma cl\u00e1ssica, os sintomas mais comuns s\u00e3o dor retro-ocular, cefaleia, febre alta &#8211; acima de 38,5\u00ba C -, manchas vermelhas normalmente ap\u00f3s o desaparecimento da febre, muita dor muscular e, em alguns casos, diarreia.<br>A forma grave da doen\u00e7a apresenta, al\u00e9m dos sintomas comuns, sintomas hemorr\u00e1gicos, como sufus\u00e3o hemorr\u00e1gica de gengiva, de foco urin\u00e1rio ou ginecol\u00f3gico, por exemplo.<br>Segundo o Infectologista chefe do Setor de CCIH do Hospital Unimed Petr\u00f3polis, Dr. Marco Liserre, os sinais de alarme para a doen\u00e7a s\u00e3o v\u00f4mitos persistentes e dor abdominal intensa, que n\u00e3o s\u00e3o solucionados com analg\u00e9sicos comuns. Estes casos apresentam riscos para aqueles pacientes que usam aspirina, anticoagulantes e medica\u00e7\u00f5es que possam provocar hemorragia digestiva.<br>Ele explica que Petr\u00f3polis nunca teve uma epidemia de dengue como est\u00e1 tendo hoje e que ainda h\u00e1 muita confus\u00e3o entre os sintomas da doen\u00e7a e do Covid-19, que tamb\u00e9m apresenta um grande aumento no n\u00famero de casos.<br>&#8220;N\u00f3s estamos vivendo junto uma epidemia de Covid-19 novamente, e h\u00e1 muita confus\u00e3o em rela\u00e7\u00e3o aos sintomas. A diferen\u00e7a \u00e9, basicamente, que o Covid apresenta sintomas respirat\u00f3rios. E, hoje em dia, para os vacinados, a grande maioria apresenta a forma benigna da doen\u00e7a, que n\u00e3o tem evolu\u00e7\u00e3o para insufici\u00eancia respirat\u00f3ria aguda como tinha antigamente.&#8221; explica o Dr. Marco Liserre.<br>O Infectologista da Unimed Petr\u00f3polis faz um alerta, principalmente, para as gestantes com suspeita de dengue.<br>&#8220;\u00c9 muito importante lembrar que as gestantes que apresentarem sintomas semelhantes a dengue devem ser avaliadas para Zika tamb\u00e9m por causa da gravidade da doen\u00e7a que pode provocar microcefalia no feto. Por isso, nestes casos, ela deve imediatamente procurar um infectologista para acompanhamento.&#8221; diz o m\u00e9dico.<br>Dr. Marco Liserre destaca que, para os benefici\u00e1rios da Unimed Petr\u00f3polis em que a doen\u00e7a se apresenta de forma cl\u00e1ssica, ap\u00f3s diagnosticados atrav\u00e9s de exame de sangue, o paciente pode ser acompanhado on-line, atrav\u00e9s do Pronto Atendimento Virtual da Unimed Petr\u00f3polis, n\u00e3o havendo a necessidade de retornar a emerg\u00eancia do hospital para o acompanhamento das formas leves da doen\u00e7a.<br>&#8220;Hoje, esses casos podem ser acompanhados perfeitamente em casa, atrav\u00e9s do atendimento on-line, que foi uma conquista muito importante feita pela atual Dire\u00e7\u00e3o Executiva da Unimed Petr\u00f3polis.&#8221; finaliza ele.<\/p>\n\n\n\n<figure class=\"wp-block-video aligncenter\"><video controls src=\"http:\/\/jornaldeitaipava.com.br\/wp-content\/uploads\/2024\/03\/Dr-Marco-Liserre-Dengue.mp4\"><\/video><\/figure>\n","protected":false},"excerpt":{"rendered":"<p>Dr. Marco Liserre explica quais s\u00e3o os sintomas e principais alertas em caso de diagn\u00f3stico<\/p>\n","protected":false},"author":1,"featured_media":38635,"comment_status":"closed","ping_status":"open","sticky":false,"template":"","format":"standard","meta":{"spay_email":"","footnotes":"","jetpack_publicize_message":""},"categories":[24],"tags":[],"jetpack_featured_media_url":"https:\/\/i2.wp.com\/jornaldeitaipava.com.br\/wp-content\/uploads\/2024\/03\/Dr.-Marco-Liserre.png?fit=502%2C316&ssl=1","jetpack_publicize_connections":[],"jetpack_sharing_enabled":true,"jetpack_likes_enabled":true,"jetpack-related-posts":[],"_links":{"self":[{"href":"https:\/\/jornaldeitaipava.com.br\/index.php\/wp-json\/wp\/v2\/posts\/38634"}],"collection":[{"href":"https:\/\/jornaldeitaipava.com.br\/index.php\/wp-json\/wp\/v2\/posts"}],"about":[{"href":"https:\/\/jornaldeitaipava.com.br\/index.php\/wp-json\/wp\/v2\/types\/post"}],"author":[{"embeddable":true,"href":"https:\/\/jornaldeitaipava.com.br\/index.php\/wp-json\/wp\/v2\/users\/1"}],"replies":[{"embeddable":true,"href":"https:\/\/jornaldeitaipava.com.br\/index.php\/wp-json\/wp\/v2\/comments?post=38634"}],"version-history":[{"count":1,"href":"https:\/\/jornaldeitaipava.com.br\/index.php\/wp-json\/wp\/v2\/posts\/38634\/revisions"}],"predecessor-version":[{"id":38637,"href":"https:\/\/jornaldeitaipava.com.br\/index.php\/wp-json\/wp\/v2\/posts\/38634\/revisions\/38637"}],"wp:featuredmedia":[{"embeddable":true,"href":"https:\/\/jornaldeitaipava.com.br\/index.php\/wp-json\/wp\/v2\/media\/38635"}],"wp:attachment":[{"href":"https:\/\/jornaldeitaipava.com.br\/index.php\/wp-json\/wp\/v2\/media?parent=38634"}],"wp:term":[{"taxonomy":"category","embeddable":true,"href":"https:\/\/jornaldeitaipava.com.br\/index.php\/wp-json\/wp\/v2\/categories?post=38634"},{"taxonomy":"post_tag","embeddable":true,"href":"https:\/\/jornaldeitaipava.com.br\/index.php\/wp-json\/wp\/v2\/tags?post=38634"}],"curies":[{"name":"wp","href":"https:\/\/api.w.org\/{rel}","templated":true}]}}