{"id":38642,"date":"2024-03-08T17:59:18","date_gmt":"2024-03-08T20:59:18","guid":{"rendered":"http:\/\/jornaldeitaipava.com.br\/?p=38642"},"modified":"2024-03-08T17:59:20","modified_gmt":"2024-03-08T20:59:20","slug":"deguste-apresenta-novidades-das-cervejarias-artesanais-petropolitanas","status":"publish","type":"post","link":"https:\/\/jornaldeitaipava.com.br\/index.php\/2024\/03\/08\/deguste-apresenta-novidades-das-cervejarias-artesanais-petropolitanas\/","title":{"rendered":"Deguste apresenta novidades das cervejarias artesanais petropolitanas"},"content":{"rendered":"\n<p class=\"has-text-align-center\"><strong>M\u00fasica, gastronomia e lan\u00e7amentos<\/strong><\/p>\n\n\n\n<p>A edi\u00e7\u00e3o de mar\u00e7o da Deguste, realizada nestes dias 8 e 9 de mar\u00e7o, promete conquistar ainda mais admiradores do mercado das cervejarias artesanais com lan\u00e7amentos especiais das cervejarias Dr Duranz e Sampler. Al\u00e9m disso, o evento recebeu decora\u00e7\u00e3o especial em homenagem \u00e0 St Patrick\u2019s, exaltando a festa da cultura da Irlanda que comemora o anivers\u00e1rio de morte de S\u00e3o Patr\u00edcio, o padroeiro do pa\u00eds europeu. A Deguste ocorre na Pra\u00e7a da \u00c1guia das 11h \u00e0s 22h.<br>Um dos destaques desta edi\u00e7\u00e3o \u00e9 o lan\u00e7amento especial Schwarzbier, da cervejaria Sampler, um estilo de cerveja de origem alem\u00e3, conhecido por sua cor escura e corpo leve a m\u00e9dio. Traduzida como &#8220;cerveja preta&#8221;, ela apresenta notas de malte torrado, leve amargor e um perfil suave e limpo. \u00c9 uma cerveja refrescante e f\u00e1cil de beber, apesar de sua apar\u00eancia escura. A bebida ainda traz a do\u00e7ura e o aroma tropical do coco, resultando em uma mistura ousada e envolvente.<br>&#8220;Um dos diferenciais da fabrica\u00e7\u00e3o das cervejas artesanais \u00e9 justamente a escolha de combina\u00e7\u00f5es que podem proporcionar experi\u00eancias sensoriais diversificadas. Estar atento \u00e0s novidades e ao paladar dos admiradores da bebida faz toda a diferen\u00e7a. Aproveitem a novidade!&#8221;, conta Bruno Braga, propriet\u00e1rio da Sampler.<br>Outra novidade \u00e9 a nova cerveja da Doutor Duranz: uma Dubbel com 7.3% de teor alco\u00f3lico. Com um sabor maltado marcante, al\u00e9m de um aroma que remete ao dul\u00e7or da rapadura e notas leves de uvas-passas.<br>\u201cUma experi\u00eancia \u00fanica para os amantes de uma boa cerveja! Especialmente para os paladares apurados e que n\u00e3o perdem uma novidade. Tenho certeza que ser\u00e1 inesquec\u00edvel. Esperamos voc\u00eas\u201d, afirma Bruno Nogueira, propriet\u00e1rio da Dr Duranz.<br>Para Rodrigo Duarte, idealizador da Deguste e beer sommelier, os lan\u00e7amentos comprovam o sucesso das cervejarias artesanais de Petr\u00f3polis. \u201cOs fabricantes continuam diversificando e alcan\u00e7ando novos apreciadores, testando novidades, acreditando no potencial deste mercado em crescimento e respons\u00e1vel pelo t\u00edtulo de Capital Estadual da Cerveja\u201d, conta.<br>Gabrielle Rosendo, produtora da Deguste e tamb\u00e9m beer sommeli\u00e8re, refor\u00e7a. \u201cGra\u00e7as \u00e0 Deguste podemos conquistar novos apreciadores para as cervejas artesanais de Petr\u00f3polis. Os lan\u00e7amentos s\u00e3o destaques em cada edi\u00e7\u00e3o da feira. M\u00fasica, cerveja e gastronomia de ponta s\u00e3o estimulantes para os visitantes. Preparamos uma decora\u00e7\u00e3o e esperamos todos em mais uma edi\u00e7\u00e3o. E n\u00e3o esque\u00e7am: vistam uma pe\u00e7a verde para conquistar sorte. Viva S\u00e3o Patr\u00edcio\u201d.<\/p>\n\n\n\n<p>Confira a programa\u00e7\u00e3o especial:<br>Sexta-feira, dia 8:<br>20h30 &#8211; Leticia e Driely convidam Ashley Mello e Manu Maia (Homenagem ao Dia das Mulheres) \/ Sertanejo.<\/p>\n\n\n\n<p>S\u00e1bado, dia 9:<br>15h &#8211; Trova de Gaia (m\u00fasica t\u00edpica irlandesa)<br>18h &#8211; Corcel M\u00e1gico (Folk)<br>20h30 &#8211; Rock Revival (Classic Rock)<\/p>\n\n\n\n<p>Toda a programa\u00e7\u00e3o especial da Deguste St Patrick\u2019s pode ser conferida no Instagram oficial @feiradeguste<\/p>\n","protected":false},"excerpt":{"rendered":"<p>M\u00fasica, gastronomia e lan\u00e7amentos A edi\u00e7\u00e3o de mar\u00e7o da Deguste, realizada nestes dias 8 e<\/p>\n","protected":false},"author":1,"featured_media":37076,"comment_status":"closed","ping_status":"open","sticky":false,"template":"","format":"standard","meta":{"spay_email":"","footnotes":"","jetpack_publicize_message":""},"categories":[42],"tags":[],"jetpack_featured_media_url":"https:\/\/i1.wp.com\/jornaldeitaipava.com.br\/wp-content\/uploads\/2023\/11\/Deguste-Divulgacao.jpeg?fit=1024%2C768&ssl=1","jetpack_publicize_connections":[],"jetpack_sharing_enabled":true,"jetpack_likes_enabled":true,"jetpack-related-posts":[],"_links":{"self":[{"href":"https:\/\/jornaldeitaipava.com.br\/index.php\/wp-json\/wp\/v2\/posts\/38642"}],"collection":[{"href":"https:\/\/jornaldeitaipava.com.br\/index.php\/wp-json\/wp\/v2\/posts"}],"about":[{"href":"https:\/\/jornaldeitaipava.com.br\/index.php\/wp-json\/wp\/v2\/types\/post"}],"author":[{"embeddable":true,"href":"https:\/\/jornaldeitaipava.com.br\/index.php\/wp-json\/wp\/v2\/users\/1"}],"replies":[{"embeddable":true,"href":"https:\/\/jornaldeitaipava.com.br\/index.php\/wp-json\/wp\/v2\/comments?post=38642"}],"version-history":[{"count":1,"href":"https:\/\/jornaldeitaipava.com.br\/index.php\/wp-json\/wp\/v2\/posts\/38642\/revisions"}],"predecessor-version":[{"id":38643,"href":"https:\/\/jornaldeitaipava.com.br\/index.php\/wp-json\/wp\/v2\/posts\/38642\/revisions\/38643"}],"wp:featuredmedia":[{"embeddable":true,"href":"https:\/\/jornaldeitaipava.com.br\/index.php\/wp-json\/wp\/v2\/media\/37076"}],"wp:attachment":[{"href":"https:\/\/jornaldeitaipava.com.br\/index.php\/wp-json\/wp\/v2\/media?parent=38642"}],"wp:term":[{"taxonomy":"category","embeddable":true,"href":"https:\/\/jornaldeitaipava.com.br\/index.php\/wp-json\/wp\/v2\/categories?post=38642"},{"taxonomy":"post_tag","embeddable":true,"href":"https:\/\/jornaldeitaipava.com.br\/index.php\/wp-json\/wp\/v2\/tags?post=38642"}],"curies":[{"name":"wp","href":"https:\/\/api.w.org\/{rel}","templated":true}]}}