{"id":38644,"date":"2024-03-08T18:21:16","date_gmt":"2024-03-08T21:21:16","guid":{"rendered":"http:\/\/jornaldeitaipava.com.br\/?p=38644"},"modified":"2024-03-08T18:21:18","modified_gmt":"2024-03-08T21:21:18","slug":"comerciarios-tem-novo-piso-salarial","status":"publish","type":"post","link":"https:\/\/jornaldeitaipava.com.br\/index.php\/2024\/03\/08\/comerciarios-tem-novo-piso-salarial\/","title":{"rendered":"Comerci\u00e1rios t\u00eam novo piso salarial"},"content":{"rendered":"\n<p>O sal\u00e1rio dos trabalhadores do com\u00e9rcio passar\u00e1 a ser de R$ 1.775,00 a partir deste m\u00eas de mar\u00e7o. O reajuste, de 4,12% sobre o atual piso do com\u00e9rcio, foi acordado na negocia\u00e7\u00e3o da nova conven\u00e7\u00e3o coletiva, entre o Sindicato do Com\u00e9rcio Varejista de Petr\u00f3polis (Sicom\u00e9rcio) e o Sindicato dos Empregados no Com\u00e9rcio. Os principais pontos foram a renova\u00e7\u00e3o da autoriza\u00e7\u00e3o para o funcionamento do com\u00e9rcio em todos os feriados do ano, excluindo Natal (25\/12), ano novo (01\/01), dia do trabalhador (01\/05) e dia do Comerci\u00e1rio, al\u00e9m da regulamenta\u00e7\u00e3o do trabalho aos domingos, independente de g\u00eanero e sexo.<br>A altera\u00e7\u00e3o no sal\u00e1rio-base foi feita levando em conta o \u00cdndice Nacional de Pre\u00e7os ao Consumidor (INPC) de janeiro. Com a decis\u00e3o, o piso passou de R$ 1.700,00 para R$ 1.775,00. O reajuste para quem ganha acima do piso ficou em 3,82% e em 3,44% para aqueles que recebem acima de 04 pisos.<br>\u201cA negocia\u00e7\u00e3o coletiva permitiu o reajuste e essa valoriza\u00e7\u00e3o \u00e9 importante instrumento para fortalecimento do setor. Vale destacar que o com\u00e9rcio \u00e9 um dos grandes propulsores da economia de Petr\u00f3polis, respons\u00e1vel pelo sustento de muitas fam\u00edlias e a expectativa \u00e9 de que os neg\u00f3cios continuem crescendo e contratando\u201d, afirma o presidente do Sicom\u00e9rcio, Marcelo Fiorini.<br>Na conven\u00e7\u00e3o coletiva tamb\u00e9m ficou acertado que as lojas poder\u00e3o abrir em todos os feriados do ano, al\u00e9m da flexibiliza\u00e7\u00e3o total da semana inglesa, o intervalo intrajornada, a manuten\u00e7\u00e3o do ponto eletr\u00f4nico e a livre negocia\u00e7\u00e3o sobre o Banco de horas entre as partes.<br>O presidente do Sicom\u00e9rcio salienta a import\u00e2ncia da flexibiliza\u00e7\u00e3o total da Semana Inglesa, mediante a homologa\u00e7\u00e3o do termo de funcionamento nos dois sindicatos &#8211; patronal e dos funcion\u00e1rios.<br>\u201cA folga de meio-dia ser\u00e1 garantida ao empregado, a partir de negocia\u00e7\u00e3o entre patr\u00e3o e empregado, ou seja, a loja poder\u00e1 abrir, e a folga poder\u00e1 ser dada ao empregado em outro per\u00edodo da semana. Para a economia da cidade, \u00e9 importante a abertura das lojas \u00e0s segundas-feiras pela manh\u00e3. Petr\u00f3polis recebe muitos turistas e \u00e9 essencial essa iniciativa\u201d, acrescenta Marcelo Fiorini.<\/p>\n","protected":false},"excerpt":{"rendered":"<p>O sal\u00e1rio dos trabalhadores do com\u00e9rcio passar\u00e1 a ser de R$ 1.775,00 a partir deste<\/p>\n","protected":false},"author":1,"featured_media":4636,"comment_status":"closed","ping_status":"open","sticky":false,"template":"","format":"standard","meta":{"spay_email":"","footnotes":"","jetpack_publicize_message":""},"categories":[2],"tags":[],"jetpack_featured_media_url":"https:\/\/i2.wp.com\/jornaldeitaipava.com.br\/wp-content\/uploads\/2020\/11\/COMERCIO.jpg?fit=500%2C329&ssl=1","jetpack_publicize_connections":[],"jetpack_sharing_enabled":true,"jetpack_likes_enabled":true,"jetpack-related-posts":[],"_links":{"self":[{"href":"https:\/\/jornaldeitaipava.com.br\/index.php\/wp-json\/wp\/v2\/posts\/38644"}],"collection":[{"href":"https:\/\/jornaldeitaipava.com.br\/index.php\/wp-json\/wp\/v2\/posts"}],"about":[{"href":"https:\/\/jornaldeitaipava.com.br\/index.php\/wp-json\/wp\/v2\/types\/post"}],"author":[{"embeddable":true,"href":"https:\/\/jornaldeitaipava.com.br\/index.php\/wp-json\/wp\/v2\/users\/1"}],"replies":[{"embeddable":true,"href":"https:\/\/jornaldeitaipava.com.br\/index.php\/wp-json\/wp\/v2\/comments?post=38644"}],"version-history":[{"count":1,"href":"https:\/\/jornaldeitaipava.com.br\/index.php\/wp-json\/wp\/v2\/posts\/38644\/revisions"}],"predecessor-version":[{"id":38645,"href":"https:\/\/jornaldeitaipava.com.br\/index.php\/wp-json\/wp\/v2\/posts\/38644\/revisions\/38645"}],"wp:featuredmedia":[{"embeddable":true,"href":"https:\/\/jornaldeitaipava.com.br\/index.php\/wp-json\/wp\/v2\/media\/4636"}],"wp:attachment":[{"href":"https:\/\/jornaldeitaipava.com.br\/index.php\/wp-json\/wp\/v2\/media?parent=38644"}],"wp:term":[{"taxonomy":"category","embeddable":true,"href":"https:\/\/jornaldeitaipava.com.br\/index.php\/wp-json\/wp\/v2\/categories?post=38644"},{"taxonomy":"post_tag","embeddable":true,"href":"https:\/\/jornaldeitaipava.com.br\/index.php\/wp-json\/wp\/v2\/tags?post=38644"}],"curies":[{"name":"wp","href":"https:\/\/api.w.org\/{rel}","templated":true}]}}