{"id":38646,"date":"2024-03-11T10:59:38","date_gmt":"2024-03-11T13:59:38","guid":{"rendered":"http:\/\/jornaldeitaipava.com.br\/?p=38646"},"modified":"2024-03-11T10:59:39","modified_gmt":"2024-03-11T13:59:39","slug":"morre-o-ex-vereador-jorge-relojao","status":"publish","type":"post","link":"https:\/\/jornaldeitaipava.com.br\/index.php\/2024\/03\/11\/morre-o-ex-vereador-jorge-relojao\/","title":{"rendered":"Morre o ex-vereador Jorge Reloj\u00e3o"},"content":{"rendered":"\n<p>Faleceu na manh\u00e3 desta segunda-feira (11), aos 70 anos, o ex-vereador Jos\u00e9 Jorge de Paiva, conhecido como Jorge Reloj\u00e3o. Ele lutava contra um c\u00e2ncer desde 2019 e estava internado desde o in\u00edcio deste m\u00eas.<br>Muito atuante no distrito da Posse, Reloj\u00e3o foi vereador entre os anos de 2017 e 2020 e tentou a reelei\u00e7\u00e3o no pleito seguinte.<br>O vel\u00f3rio est\u00e1 sendo realizado no distrito da Posse e o enterro em S\u00e3o Jos\u00e9 do Vale do Rio Preto.<\/p>\n","protected":false},"excerpt":{"rendered":"<p>Faleceu na manh\u00e3 desta segunda-feira (11), aos 70 anos, o ex-vereador Jos\u00e9 Jorge de Paiva,<\/p>\n","protected":false},"author":1,"featured_media":38647,"comment_status":"closed","ping_status":"open","sticky":false,"template":"","format":"standard","meta":{"spay_email":"","footnotes":"","jetpack_publicize_message":""},"categories":[2],"tags":[],"jetpack_featured_media_url":"https:\/\/i1.wp.com\/jornaldeitaipava.com.br\/wp-content\/uploads\/2024\/03\/relojao.jpg?fit=544%2C353&ssl=1","jetpack_publicize_connections":[],"jetpack_sharing_enabled":true,"jetpack_likes_enabled":true,"jetpack-related-posts":[],"_links":{"self":[{"href":"https:\/\/jornaldeitaipava.com.br\/index.php\/wp-json\/wp\/v2\/posts\/38646"}],"collection":[{"href":"https:\/\/jornaldeitaipava.com.br\/index.php\/wp-json\/wp\/v2\/posts"}],"about":[{"href":"https:\/\/jornaldeitaipava.com.br\/index.php\/wp-json\/wp\/v2\/types\/post"}],"author":[{"embeddable":true,"href":"https:\/\/jornaldeitaipava.com.br\/index.php\/wp-json\/wp\/v2\/users\/1"}],"replies":[{"embeddable":true,"href":"https:\/\/jornaldeitaipava.com.br\/index.php\/wp-json\/wp\/v2\/comments?post=38646"}],"version-history":[{"count":1,"href":"https:\/\/jornaldeitaipava.com.br\/index.php\/wp-json\/wp\/v2\/posts\/38646\/revisions"}],"predecessor-version":[{"id":38648,"href":"https:\/\/jornaldeitaipava.com.br\/index.php\/wp-json\/wp\/v2\/posts\/38646\/revisions\/38648"}],"wp:featuredmedia":[{"embeddable":true,"href":"https:\/\/jornaldeitaipava.com.br\/index.php\/wp-json\/wp\/v2\/media\/38647"}],"wp:attachment":[{"href":"https:\/\/jornaldeitaipava.com.br\/index.php\/wp-json\/wp\/v2\/media?parent=38646"}],"wp:term":[{"taxonomy":"category","embeddable":true,"href":"https:\/\/jornaldeitaipava.com.br\/index.php\/wp-json\/wp\/v2\/categories?post=38646"},{"taxonomy":"post_tag","embeddable":true,"href":"https:\/\/jornaldeitaipava.com.br\/index.php\/wp-json\/wp\/v2\/tags?post=38646"}],"curies":[{"name":"wp","href":"https:\/\/api.w.org\/{rel}","templated":true}]}}