{"id":38652,"date":"2024-03-11T11:31:16","date_gmt":"2024-03-11T14:31:16","guid":{"rendered":"http:\/\/jornaldeitaipava.com.br\/?p=38652"},"modified":"2024-03-11T11:31:18","modified_gmt":"2024-03-11T14:31:18","slug":"dom-joel-portella-toma-posse-como-bispo-de-petropolis","status":"publish","type":"post","link":"https:\/\/jornaldeitaipava.com.br\/index.php\/2024\/03\/11\/dom-joel-portella-toma-posse-como-bispo-de-petropolis\/","title":{"rendered":"Dom Joel Portella toma posse como Bispo de Petr\u00f3polis"},"content":{"rendered":"\n<p>Com a Catedral S\u00e3o Pedro de Alc\u00e2ntara lotada, Dom Joel Portella Amado tomou posse como sexto bispo da Diocese de Petr\u00f3polis, durante a missa, na manh\u00e3 de s\u00e1bado. No in\u00edcio de sua homilia, afirmou que a caminhada de seu governo episcopal, se inicia em torno do altar, onde todos somos irm\u00e3os e irm\u00e3s. \u201cO altar nos re\u00fane, vivemos na mesma Casa Comum, temos o mesmo Pai do C\u00e9u, cuja bondade olha todos n\u00f3s como Seus filhos e filhas, tornando-nos, portanto, irm\u00e3os e irm\u00e3s. \u00c9 muito significativo o fato de come\u00e7armos essa nossa caminhada juntos em um tempo em que a querida Campanha da Fraternidade nos recorda que somos todos irm\u00e3os e irm\u00e3s\u201d, disse o novo bispo da Diocese de Petr\u00f3polis.<br>Novamente, repetindo diversas vezes a palavra gratid\u00e3o, dita no dia de sua nomea\u00e7\u00e3o em 31 de janeiro e nos dias seguintes, Dom Joel Portella voltou a afirmar: \u201cMinha palavra, nesses \u00faltimos tempos, tem sido praticamente uma s\u00f3: gratid\u00e3o. \u00c0s pessoas que em algum momento estiveram comigo, com certeza me ouviram falar em gratid\u00e3o. E eu n\u00e3o encontro outra palavra a ser dita. Por isso, eu a repito agora e, ao que tudo indica, vou repeti-la ainda muitas outras vezes\u201d.<br>Outra afirma\u00e7\u00e3o feita pelo bispo diocesano, o fez voltar ao dia de sua nomea\u00e7\u00e3o, quando, seguindo o exemplo do Papa Francisco quando eleito Sumo Pont\u00edfice, pediu \u201crezem por mim!\u201d. Em sua homilia, al\u00e9m de pedir ora\u00e7\u00f5es pelo seu minist\u00e9rio, pediu a ajuda de todos para que possa conhecer cada um, transformando \u201cnomes e mensagens, em rostos, cora\u00e7\u00f5es e abra\u00e7os\u201d e frisou \u201cMe mostrem como voc\u00eas vivem a alegria do Evangelho\u201d.<br>Dom Joel Portella n\u00e3o esconde sua alegria e admira\u00e7\u00e3o pelos sacerdotes, lembrando sempre a felicidade que teve, dois dias depois de sua nomea\u00e7\u00e3o se encontrar com o clero, durante o curso. Em sua homilia de posse disse \u201cpadres, me mostrem \u2013 como, ali\u00e1s, j\u00e1 t\u00eam feito \u2013 a alegria que significa responder ao chamado vocacional e poder, como diz a Escritura, servir \u00e0s pessoas nas coisas de Deus, ainda que sejamos fr\u00e1geis, limitados. Afinal, \u00e9 naquele que nos chamou que somos fortes. S\u00f3 nele!\u201d.<br>Ele fez refer\u00eancia ainda a vida consagrada, aos leigos e leigas, \u00e0s autoridades civis e militares, aos seminaristas e a diversos segmentos sociais, fez sempre o mesmo pedido de o ajudar a conhec\u00ea-los, a mostrar a forma como vivem a sinodalidade e o an\u00fancio do evangelho. Ele tamb\u00e9m n\u00e3o esquecendo suas origens e seus companheiros, irm\u00e3os e irm\u00e3s de caminhada saudou a todos, sempre resumindo em gratid\u00e3o.<br>Dom Joel Portella, reconhecendo, e como j\u00e1 afirmou que nenhuma caminhada se faz sozinho, destacou todo trabalho realizado pelos seus predecessores: \u201cD. Greg\u00f3rio, obrigado pela presen\u00e7a hoje e pelo presente que o senhor deixou para mim. Obrigado pelos anos dedicados que o senhor passou nesta diocese e que agora, com a mesma dedica\u00e7\u00e3o, j\u00e1 est\u00e1 servindo em Fortaleza. Sua presen\u00e7a entre n\u00f3s ratifica em mim a certeza de que eu venho fazer parte de uma hist\u00f3ria que n\u00e3o come\u00e7a comigo, mas que, tendo brotado no eterno cora\u00e7\u00e3o do Bom Deus, aqui se concretizou no trabalho dedicado e t\u00e3o marcante de D. Cintra, D. Veloso, D. Vaz, D, Filippo e do senhor, D. Greg\u00f3rio\u201d.<br>Dom Joel Portella concluiu sua homilia colocando-se como irm\u00e3o nessa caminhada diocesana para o an\u00fancio do Evangelho: \u201cIgreja diocesana de Petr\u00f3polis, minha casa, minha fam\u00edlia, meus irm\u00e3os, minhas irm\u00e3s, se me \u00e9 permitido parafrasear Santo Agostinho, recordando uma frase muito citada nesses momentos, \u00e9 verdade que, a partir de hoje, para voc\u00eas eu sou o bispo, por\u00e9m com voc\u00eas eu sou o irm\u00e3o, no caso, o irm\u00e3o ca\u00e7ula, que precisa de voc\u00eas para bem cumprir a miss\u00e3o recebida\u201d.<\/p>\n","protected":false},"excerpt":{"rendered":"<p>Com a Catedral S\u00e3o Pedro de Alc\u00e2ntara lotada, Dom Joel Portella Amado tomou posse como<\/p>\n","protected":false},"author":1,"featured_media":38653,"comment_status":"closed","ping_status":"open","sticky":false,"template":"","format":"standard","meta":{"spay_email":"","footnotes":"","jetpack_publicize_message":""},"categories":[24],"tags":[],"jetpack_featured_media_url":"https:\/\/i1.wp.com\/jornaldeitaipava.com.br\/wp-content\/uploads\/2024\/03\/dom-joel-portella-01-1024x695-1.jpg?fit=1024%2C695&ssl=1","jetpack_publicize_connections":[],"jetpack_sharing_enabled":true,"jetpack_likes_enabled":true,"jetpack-related-posts":[],"_links":{"self":[{"href":"https:\/\/jornaldeitaipava.com.br\/index.php\/wp-json\/wp\/v2\/posts\/38652"}],"collection":[{"href":"https:\/\/jornaldeitaipava.com.br\/index.php\/wp-json\/wp\/v2\/posts"}],"about":[{"href":"https:\/\/jornaldeitaipava.com.br\/index.php\/wp-json\/wp\/v2\/types\/post"}],"author":[{"embeddable":true,"href":"https:\/\/jornaldeitaipava.com.br\/index.php\/wp-json\/wp\/v2\/users\/1"}],"replies":[{"embeddable":true,"href":"https:\/\/jornaldeitaipava.com.br\/index.php\/wp-json\/wp\/v2\/comments?post=38652"}],"version-history":[{"count":1,"href":"https:\/\/jornaldeitaipava.com.br\/index.php\/wp-json\/wp\/v2\/posts\/38652\/revisions"}],"predecessor-version":[{"id":38654,"href":"https:\/\/jornaldeitaipava.com.br\/index.php\/wp-json\/wp\/v2\/posts\/38652\/revisions\/38654"}],"wp:featuredmedia":[{"embeddable":true,"href":"https:\/\/jornaldeitaipava.com.br\/index.php\/wp-json\/wp\/v2\/media\/38653"}],"wp:attachment":[{"href":"https:\/\/jornaldeitaipava.com.br\/index.php\/wp-json\/wp\/v2\/media?parent=38652"}],"wp:term":[{"taxonomy":"category","embeddable":true,"href":"https:\/\/jornaldeitaipava.com.br\/index.php\/wp-json\/wp\/v2\/categories?post=38652"},{"taxonomy":"post_tag","embeddable":true,"href":"https:\/\/jornaldeitaipava.com.br\/index.php\/wp-json\/wp\/v2\/tags?post=38652"}],"curies":[{"name":"wp","href":"https:\/\/api.w.org\/{rel}","templated":true}]}}