{"id":38658,"date":"2024-03-12T17:11:31","date_gmt":"2024-03-12T20:11:31","guid":{"rendered":"http:\/\/jornaldeitaipava.com.br\/?p=38658"},"modified":"2024-03-12T17:11:34","modified_gmt":"2024-03-12T20:11:34","slug":"leis-que-protegem-pessoas-com-autismo-ja-sao-realidade-na-cidade","status":"publish","type":"post","link":"https:\/\/jornaldeitaipava.com.br\/index.php\/2024\/03\/12\/leis-que-protegem-pessoas-com-autismo-ja-sao-realidade-na-cidade\/","title":{"rendered":"Leis que protegem pessoas com autismo j\u00e1 s\u00e3o realidade na cidade"},"content":{"rendered":"\n<p>Pessoas com Transtorno do Espectro Autista &#8211; TEA &#8211; j\u00e1 contam com leis municipais de inclus\u00e3o e prote\u00e7\u00e3o. A defesa dos direitos das pessoas com autismo \u00e9 uma pauta constante no mandato do vereador Eduardo do Blog, que preside a Comiss\u00e3o de Defesa da Crian\u00e7a e do Adolescente, das Pessoas com Defici\u00eancia e do Idoso, na C\u00e2mara Municipal e que aprovou duas leis importantes de inclus\u00e3o.<br>A Lei 8.206\/21, tornou obrigat\u00f3ria o s\u00edmbolo do autismo em estabelecimentos comerciais, reparti\u00e7\u00f5es p\u00fablicas e transporte p\u00fablico de Petr\u00f3polis, garantindo prioridade no atendimento. O s\u00edmbolo pode ser baixado livremente na internet e impresso para uso.<br>&#8220;<em>O Transtorno do Espectro Autista n\u00e3o \u00e9 percept\u00edvel para muitas pessoas e isso acaba gerando muitos constrangimentos para pessoas autistas e seus familiares, por isso a import\u00e2ncia do s\u00edmbolo de prioridade, como j\u00e1 ocorre com gestantes e idosos, por exemplo&#8221;, explica<\/em> o Vereador.<br>J\u00e1 a Lei 8.608 tornou a expedi\u00e7\u00e3o da Carteira de Identifica\u00e7\u00e3o da Pessoa com Transtorno do Espectro Autista &#8211; CIPTEA -, obrigat\u00f3ria em no m\u00e1ximo 30 dias corridos prorrog\u00e1veis por mais 15, em caso de justificada necessidade. Antes da lei, n\u00e3o havia prazo pr\u00e9-determinado para a emiss\u00e3o da mesma. A regulamenta\u00e7\u00e3o deste prazo foi essencial para garantir o documento em tempo adequado.<br>Tamb\u00e9m tramita na C\u00e2mara Municipal Indica\u00e7\u00f5es do vereador para atender pessoas com TEA atrav\u00e9s de profissionais especializados e tamb\u00e9m para implementa\u00e7\u00e3o de uma Pol\u00edtica Municipal de Prote\u00e7\u00e3o dos Direitos da Pessoa com Transtorno do Espectro do Autismo no munic\u00edpio.<br>Ainda neste tema, o vereador tamb\u00e9m \u00e9 autor de Indica\u00e7\u00f5es Impositivas, que juntas somam R$ 700 mil, direcionadas a entidades beneficentes da cidade como GAAPE, a APAE e a AFIPE. As verbas, aprovadas na C\u00e2mara, ainda n\u00e3o foram repassadas pela prefeitura.<\/p>\n","protected":false},"excerpt":{"rendered":"<p>Pessoas com Transtorno do Espectro Autista &#8211; TEA &#8211; j\u00e1 contam com leis municipais de<\/p>\n","protected":false},"author":1,"featured_media":38659,"comment_status":"closed","ping_status":"open","sticky":false,"template":"","format":"standard","meta":{"spay_email":"","footnotes":"","jetpack_publicize_message":""},"categories":[2],"tags":[],"jetpack_featured_media_url":"https:\/\/i2.wp.com\/jornaldeitaipava.com.br\/wp-content\/uploads\/2024\/03\/Vereador-Eduardo-do-Blog-2.jpeg?fit=1600%2C1200&ssl=1","jetpack_publicize_connections":[],"jetpack_sharing_enabled":true,"jetpack_likes_enabled":true,"jetpack-related-posts":[],"_links":{"self":[{"href":"https:\/\/jornaldeitaipava.com.br\/index.php\/wp-json\/wp\/v2\/posts\/38658"}],"collection":[{"href":"https:\/\/jornaldeitaipava.com.br\/index.php\/wp-json\/wp\/v2\/posts"}],"about":[{"href":"https:\/\/jornaldeitaipava.com.br\/index.php\/wp-json\/wp\/v2\/types\/post"}],"author":[{"embeddable":true,"href":"https:\/\/jornaldeitaipava.com.br\/index.php\/wp-json\/wp\/v2\/users\/1"}],"replies":[{"embeddable":true,"href":"https:\/\/jornaldeitaipava.com.br\/index.php\/wp-json\/wp\/v2\/comments?post=38658"}],"version-history":[{"count":1,"href":"https:\/\/jornaldeitaipava.com.br\/index.php\/wp-json\/wp\/v2\/posts\/38658\/revisions"}],"predecessor-version":[{"id":38660,"href":"https:\/\/jornaldeitaipava.com.br\/index.php\/wp-json\/wp\/v2\/posts\/38658\/revisions\/38660"}],"wp:featuredmedia":[{"embeddable":true,"href":"https:\/\/jornaldeitaipava.com.br\/index.php\/wp-json\/wp\/v2\/media\/38659"}],"wp:attachment":[{"href":"https:\/\/jornaldeitaipava.com.br\/index.php\/wp-json\/wp\/v2\/media?parent=38658"}],"wp:term":[{"taxonomy":"category","embeddable":true,"href":"https:\/\/jornaldeitaipava.com.br\/index.php\/wp-json\/wp\/v2\/categories?post=38658"},{"taxonomy":"post_tag","embeddable":true,"href":"https:\/\/jornaldeitaipava.com.br\/index.php\/wp-json\/wp\/v2\/tags?post=38658"}],"curies":[{"name":"wp","href":"https:\/\/api.w.org\/{rel}","templated":true}]}}