{"id":38669,"date":"2024-03-12T17:41:13","date_gmt":"2024-03-12T20:41:13","guid":{"rendered":"http:\/\/jornaldeitaipava.com.br\/?p=38669"},"modified":"2024-03-12T17:41:15","modified_gmt":"2024-03-12T20:41:15","slug":"prefeitura-lanca-aplicativo-meu-inpas-em-cafe-da-manha-com-aposentados-e-pensionistas","status":"publish","type":"post","link":"https:\/\/jornaldeitaipava.com.br\/index.php\/2024\/03\/12\/prefeitura-lanca-aplicativo-meu-inpas-em-cafe-da-manha-com-aposentados-e-pensionistas\/","title":{"rendered":"Prefeitura lan\u00e7a aplicativo Meu Inpas em caf\u00e9 da manh\u00e3 com aposentados e pensionistas"},"content":{"rendered":"\n<p>Benefici\u00e1rios do Instituto de Previd\u00eancia e Assist\u00eancia Social do Servidor P\u00fablico do Munic\u00edpio de Petr\u00f3polis (Inpas) participaram de um caf\u00e9 da manh\u00e3 especial nesta ter\u00e7a-feira (12). Durante o evento, foi feita apresenta\u00e7\u00e3o do aplicativo Meu Inpas, homenagens aos novos aposentados e pensionistas e bate-papo com informativos sobre o Instituto.<br>\u201cA excelente administra\u00e7\u00e3o do Inpas nos \u00faltimos dois anos gerou um aumento de 400% nos fundos de previd\u00eancia, lastro que avan\u00e7a para garantir o benef\u00edcio de quem j\u00e1 se aposentou e quem ainda vai se aposentar um dia\u201d, explicou o prefeito Rubens Bomtempo, que esteve no caf\u00e9 da manh\u00e3 e conversou com os benefici\u00e1rios.<br>O aplicativo j\u00e1 est\u00e1 dispon\u00edvel para sistemas Android, e atrav\u00e9s dele \u00e9 poss\u00edvel realizar prova de vida, acessar contra cheques, entre outros servi\u00e7os. \u201cAntigamente, o servidor tinha uma espera de quase um ano para aposentar-se. Hoje, a m\u00e9dia de tempo de aposentadoria \u00e9 de 15 a 20 dias at\u00e9 a publica\u00e7\u00e3o.\u201d, observou o presidente do Inpas, Claudinei Portugal.<br>M\u00e1rcia Rita Braga Ferreira, 61 anos, \u00e9 benefici\u00e1ria do Inpas e esteve no caf\u00e9 da manh\u00e3. \u201cFoi \u00f3timo estar no evento, fiquei informada sobre muitas coisas, inclusive sobre o aplicativo, que vai ser muito \u00fatil pra mim. Recebi o convite para vir e valeu muito a pena!\u201d, disse a servidora aposentada da \u00e1rea da Sa\u00fade.<br>\u201cParab\u00e9ns a todos pelo trabalho, o evento foi uma importante intera\u00e7\u00e3o do executivo com o Inpas\u201d, finalizou o vereador Chit\u00e3o.<\/p>\n","protected":false},"excerpt":{"rendered":"<p>Benefici\u00e1rios do Instituto de Previd\u00eancia e Assist\u00eancia Social do Servidor P\u00fablico do Munic\u00edpio de Petr\u00f3polis<\/p>\n","protected":false},"author":1,"featured_media":38670,"comment_status":"closed","ping_status":"open","sticky":false,"template":"","format":"standard","meta":{"spay_email":"","footnotes":"","jetpack_publicize_message":""},"categories":[2],"tags":[],"jetpack_featured_media_url":"https:\/\/i2.wp.com\/jornaldeitaipava.com.br\/wp-content\/uploads\/2024\/03\/WhatsApp-Image-2024-03-12-at-14.31.41.jpeg?fit=1599%2C1066&ssl=1","jetpack_publicize_connections":[],"jetpack_sharing_enabled":true,"jetpack_likes_enabled":true,"jetpack-related-posts":[],"_links":{"self":[{"href":"https:\/\/jornaldeitaipava.com.br\/index.php\/wp-json\/wp\/v2\/posts\/38669"}],"collection":[{"href":"https:\/\/jornaldeitaipava.com.br\/index.php\/wp-json\/wp\/v2\/posts"}],"about":[{"href":"https:\/\/jornaldeitaipava.com.br\/index.php\/wp-json\/wp\/v2\/types\/post"}],"author":[{"embeddable":true,"href":"https:\/\/jornaldeitaipava.com.br\/index.php\/wp-json\/wp\/v2\/users\/1"}],"replies":[{"embeddable":true,"href":"https:\/\/jornaldeitaipava.com.br\/index.php\/wp-json\/wp\/v2\/comments?post=38669"}],"version-history":[{"count":1,"href":"https:\/\/jornaldeitaipava.com.br\/index.php\/wp-json\/wp\/v2\/posts\/38669\/revisions"}],"predecessor-version":[{"id":38671,"href":"https:\/\/jornaldeitaipava.com.br\/index.php\/wp-json\/wp\/v2\/posts\/38669\/revisions\/38671"}],"wp:featuredmedia":[{"embeddable":true,"href":"https:\/\/jornaldeitaipava.com.br\/index.php\/wp-json\/wp\/v2\/media\/38670"}],"wp:attachment":[{"href":"https:\/\/jornaldeitaipava.com.br\/index.php\/wp-json\/wp\/v2\/media?parent=38669"}],"wp:term":[{"taxonomy":"category","embeddable":true,"href":"https:\/\/jornaldeitaipava.com.br\/index.php\/wp-json\/wp\/v2\/categories?post=38669"},{"taxonomy":"post_tag","embeddable":true,"href":"https:\/\/jornaldeitaipava.com.br\/index.php\/wp-json\/wp\/v2\/tags?post=38669"}],"curies":[{"name":"wp","href":"https:\/\/api.w.org\/{rel}","templated":true}]}}