{"id":38672,"date":"2024-03-12T17:43:41","date_gmt":"2024-03-12T20:43:41","guid":{"rendered":"http:\/\/jornaldeitaipava.com.br\/?p=38672"},"modified":"2024-03-12T17:43:43","modified_gmt":"2024-03-12T20:43:43","slug":"equipe-do-bairro-amazonas-e-a-campea-da-primeira-etapa-da-copa-das-comunidades","status":"publish","type":"post","link":"https:\/\/jornaldeitaipava.com.br\/index.php\/2024\/03\/12\/equipe-do-bairro-amazonas-e-a-campea-da-primeira-etapa-da-copa-das-comunidades\/","title":{"rendered":"Equipe do bairro Amazonas \u00e9 a campe\u00e3 da primeira etapa da Copa das Comunidades"},"content":{"rendered":"\n<p>A comunidade do Amazonas \u00e9 a campe\u00e3 da primeira etapa da Copa das Comunidades, o maior campeonato de futebol society de Petr\u00f3polis. Ao todo, foram 112 jogos, com 40 equipes participantes. No segundo e terceiro lugar ficaram, respectivamente, a comunidade S\u00e3o Francisco de Assis e Oswaldo Cruz. A segunda etapa da competi\u00e7\u00e3o tem previs\u00e3o de in\u00edcio para o pr\u00f3ximo m\u00eas de abril. A final aconteceu neste domingo (10), na quadra do Palmeira Futebol Clube, no Itamarati.<br>\u201cTenho certeza de que essa competi\u00e7\u00e3o trouxe mais integra\u00e7\u00e3o para as comunidades participantes, promoveu alegria e lazer. Parab\u00e9ns a todos e \u00e0 equipe do Amazonas por esta vit\u00f3ria\u201d, disse o prefeito Rubens Bomtempo.<br>O placar do jogo final, entre Amazonas e S\u00e3o Francisco de Assis, foi de 3 a 2 para o time do Quitandinha. \u201cEssa competi\u00e7\u00e3o que a Prefeitura nos proporcionou tira muita gente das ruas e nos fez aproveitar nosso domingo. Estamos jogando e muitas crian\u00e7as nos observam, podemos ser exemplo\u201d, disse Luiz Henrique Alves Gon\u00e7alves, 25 anos, jogador do Amazonas.<br>\u201cTivemos uma excelente competi\u00e7\u00e3o, com in\u00edcio em novembro do ano passado, e temos a previs\u00e3o de in\u00edcio da segunda etapa para abril. Acreditamos que atrav\u00e9s do esporte \u00e9 poss\u00edvel mudar realidades sociais, melhorar a qualidade de vida e sobretudo levar divers\u00e3o a todos os participantes\u201d, finalizou o secret\u00e1rio de Esportes, Thiago Fran\u00e7a.<\/p>\n","protected":false},"excerpt":{"rendered":"<p>A comunidade do Amazonas \u00e9 a campe\u00e3 da primeira etapa da Copa das Comunidades, o<\/p>\n","protected":false},"author":1,"featured_media":38673,"comment_status":"closed","ping_status":"open","sticky":false,"template":"","format":"standard","meta":{"spay_email":"","footnotes":"","jetpack_publicize_message":""},"categories":[9],"tags":[],"jetpack_featured_media_url":"https:\/\/i1.wp.com\/jornaldeitaipava.com.br\/wp-content\/uploads\/2024\/03\/ESPORTES.png?fit=594%2C383&ssl=1","jetpack_publicize_connections":[],"jetpack_sharing_enabled":true,"jetpack_likes_enabled":true,"jetpack-related-posts":[],"_links":{"self":[{"href":"https:\/\/jornaldeitaipava.com.br\/index.php\/wp-json\/wp\/v2\/posts\/38672"}],"collection":[{"href":"https:\/\/jornaldeitaipava.com.br\/index.php\/wp-json\/wp\/v2\/posts"}],"about":[{"href":"https:\/\/jornaldeitaipava.com.br\/index.php\/wp-json\/wp\/v2\/types\/post"}],"author":[{"embeddable":true,"href":"https:\/\/jornaldeitaipava.com.br\/index.php\/wp-json\/wp\/v2\/users\/1"}],"replies":[{"embeddable":true,"href":"https:\/\/jornaldeitaipava.com.br\/index.php\/wp-json\/wp\/v2\/comments?post=38672"}],"version-history":[{"count":1,"href":"https:\/\/jornaldeitaipava.com.br\/index.php\/wp-json\/wp\/v2\/posts\/38672\/revisions"}],"predecessor-version":[{"id":38674,"href":"https:\/\/jornaldeitaipava.com.br\/index.php\/wp-json\/wp\/v2\/posts\/38672\/revisions\/38674"}],"wp:featuredmedia":[{"embeddable":true,"href":"https:\/\/jornaldeitaipava.com.br\/index.php\/wp-json\/wp\/v2\/media\/38673"}],"wp:attachment":[{"href":"https:\/\/jornaldeitaipava.com.br\/index.php\/wp-json\/wp\/v2\/media?parent=38672"}],"wp:term":[{"taxonomy":"category","embeddable":true,"href":"https:\/\/jornaldeitaipava.com.br\/index.php\/wp-json\/wp\/v2\/categories?post=38672"},{"taxonomy":"post_tag","embeddable":true,"href":"https:\/\/jornaldeitaipava.com.br\/index.php\/wp-json\/wp\/v2\/tags?post=38672"}],"curies":[{"name":"wp","href":"https:\/\/api.w.org\/{rel}","templated":true}]}}