{"id":38680,"date":"2024-03-12T17:52:55","date_gmt":"2024-03-12T20:52:55","guid":{"rendered":"http:\/\/jornaldeitaipava.com.br\/?p=38680"},"modified":"2024-03-12T17:52:57","modified_gmt":"2024-03-12T20:52:57","slug":"homem-faz-refens-em-onibus-na-rodoviaria-do-rio-de-janeiro","status":"publish","type":"post","link":"https:\/\/jornaldeitaipava.com.br\/index.php\/2024\/03\/12\/homem-faz-refens-em-onibus-na-rodoviaria-do-rio-de-janeiro\/","title":{"rendered":"Homem faz ref\u00e9ns em \u00f4nibus na rodovi\u00e1ria do Rio de Janeiro"},"content":{"rendered":"\n<p>Passageiros de um \u00f4nibus foram feitos de ref\u00e9ns em uma plataforma da rodovi\u00e1ria Novo Rio, que fica na regi\u00e3o central da capital fluminense. Segundo a assessoria da Pol\u00edcia Militar (PM), um homem atirou em pelos menos duas pessoas com arma de fogo. Os feridos foram levados ao Hospital Municipal Souza Aguiar, no Centro. O Batalh\u00e3o de Opera\u00e7\u00f5es Policiais Especiais (Bope) da PM foi acionado para atender a ocorr\u00eancia e negocia com o sequestrador.<br>Agentes do Batalh\u00e3o de Policiamento em \u00c1reas Tur\u00edsticas (BPTur) e de outros batalh\u00f5es da regi\u00e3o refor\u00e7aram o policiamento na \u00e1rea. Ambul\u00e2ncias de tr\u00eas unidades do Corpo de Bombeiros atuam no local, em coopera\u00e7\u00e3o com as autoridades policiais.<br>A administra\u00e7\u00e3o da rodovi\u00e1ria informou que isolou a \u00e1rea para proteger os demais passageiros do local. As opera\u00e7\u00f5es tamb\u00e9m foram suspensas e a recomenda\u00e7\u00e3o \u00e9 para que passageiros com viagem marcada procurem as empresas de \u00f4nibus para mudar data e hor\u00e1rio de embarque. As empresas de \u00f4nibus v\u00e3o fazer a troca ou cancelamento sem \u00f4nus ao viajante.<br>A Secretaria Municipal de Sa\u00fade confirmou que um dos feridos no sequestro \u00e9 um homem de 34 anos, que foi encaminhado para o centro cir\u00fargico em estado grave.<\/p>\n\n\n\n<p>*Mat\u00e9ria foi atualizada \u00e0s 17h7min. para acr\u00e9scimo de informa\u00e7\u00e3o.<\/p>\n\n\n\n<p>Da Ag\u00eancia Brasil<\/p>\n","protected":false},"excerpt":{"rendered":"<p>Passageiros de um \u00f4nibus foram feitos de ref\u00e9ns em uma plataforma da rodovi\u00e1ria Novo Rio,<\/p>\n","protected":false},"author":1,"featured_media":7285,"comment_status":"closed","ping_status":"open","sticky":false,"template":"","format":"standard","meta":{"spay_email":"","footnotes":"","jetpack_publicize_message":""},"categories":[24],"tags":[],"jetpack_featured_media_url":"https:\/\/i0.wp.com\/jornaldeitaipava.com.br\/wp-content\/uploads\/2020\/12\/novo-rio.jpg?fit=466%2C286&ssl=1","jetpack_publicize_connections":[],"jetpack_sharing_enabled":true,"jetpack_likes_enabled":true,"jetpack-related-posts":[],"_links":{"self":[{"href":"https:\/\/jornaldeitaipava.com.br\/index.php\/wp-json\/wp\/v2\/posts\/38680"}],"collection":[{"href":"https:\/\/jornaldeitaipava.com.br\/index.php\/wp-json\/wp\/v2\/posts"}],"about":[{"href":"https:\/\/jornaldeitaipava.com.br\/index.php\/wp-json\/wp\/v2\/types\/post"}],"author":[{"embeddable":true,"href":"https:\/\/jornaldeitaipava.com.br\/index.php\/wp-json\/wp\/v2\/users\/1"}],"replies":[{"embeddable":true,"href":"https:\/\/jornaldeitaipava.com.br\/index.php\/wp-json\/wp\/v2\/comments?post=38680"}],"version-history":[{"count":1,"href":"https:\/\/jornaldeitaipava.com.br\/index.php\/wp-json\/wp\/v2\/posts\/38680\/revisions"}],"predecessor-version":[{"id":38681,"href":"https:\/\/jornaldeitaipava.com.br\/index.php\/wp-json\/wp\/v2\/posts\/38680\/revisions\/38681"}],"wp:featuredmedia":[{"embeddable":true,"href":"https:\/\/jornaldeitaipava.com.br\/index.php\/wp-json\/wp\/v2\/media\/7285"}],"wp:attachment":[{"href":"https:\/\/jornaldeitaipava.com.br\/index.php\/wp-json\/wp\/v2\/media?parent=38680"}],"wp:term":[{"taxonomy":"category","embeddable":true,"href":"https:\/\/jornaldeitaipava.com.br\/index.php\/wp-json\/wp\/v2\/categories?post=38680"},{"taxonomy":"post_tag","embeddable":true,"href":"https:\/\/jornaldeitaipava.com.br\/index.php\/wp-json\/wp\/v2\/tags?post=38680"}],"curies":[{"name":"wp","href":"https:\/\/api.w.org\/{rel}","templated":true}]}}