{"id":38682,"date":"2024-03-12T17:54:40","date_gmt":"2024-03-12T20:54:40","guid":{"rendered":"http:\/\/jornaldeitaipava.com.br\/?p=38682"},"modified":"2024-03-12T17:54:42","modified_gmt":"2024-03-12T20:54:42","slug":"casos-de-dengue-no-estado-do-rio-estao-10-vezes-acima-do-esperado","status":"publish","type":"post","link":"https:\/\/jornaldeitaipava.com.br\/index.php\/2024\/03\/12\/casos-de-dengue-no-estado-do-rio-estao-10-vezes-acima-do-esperado\/","title":{"rendered":"Casos de dengue no Estado do Rio est\u00e3o 10 vezes acima do esperado"},"content":{"rendered":"\n<p>O n\u00famero de casos prov\u00e1veis de dengue no estado do Rio de Janeiro est\u00e1 dez vezes acima do limite m\u00e1ximo esperado para esta \u00e9poca do ano. A situa\u00e7\u00e3o permanece no mesmo patamar por mais de tr\u00eas semanas seguidas. O n\u00edvel 3 de enfrentamento \u00e0 doen\u00e7a, o mais alto determinado pela Secretaria Estadual de Sa\u00fade (SES,), representa emerg\u00eancia em sa\u00fade p\u00fablica.<br>De acordo com o painel que monitora casos no estado, s\u00e3o 117.162 registros prov\u00e1veis at\u00e9 11 de mar\u00e7o. Desses, 3.313 precisaram de interna\u00e7\u00e3o. Foram confirmadas 31 mortes por dengue.<br>Entre as \u00e1reas fluminenses que s\u00e3o maior preocupa\u00e7\u00e3o pela alta incid\u00eancia est\u00e3o a Regi\u00e3o Metropolitana, a Baixada Litor\u00e2nea, a Ba\u00eda de Ilha Grande e o centro sul do estado.<\/p>\n\n\n\n<p><strong>Leitos<br><\/strong>Apesar de o estado seguir com tend\u00eancia de alta no n\u00famero de casos da doen\u00e7a, a secretaria n\u00e3o identifica aumento consistente na taxa de ocupa\u00e7\u00e3o de leitos, assim como considera est\u00e1vel o n\u00famero de atendimentos de suspeitas de dengue nas Unidades de Pronto Atendimento (UPA).<br>A regi\u00e3o do M\u00e9dio Para\u00edba, que abrange os munic\u00edpios de Barra do Pira\u00ed, Barra Mansa, Itatiaia, Pinheiral, Pira\u00ed, Porto Real, Quatis, Resende, Rio Claro, Rio das Flores, Valen\u00e7a e Volta Redonda, foi a primeira a apresentar piora na situa\u00e7\u00e3o epidemiol\u00f3gica, e agora apresenta redu\u00e7\u00e3o no n\u00famero de casos.<br>Mais da metade dos registros de casos ocorreram na capital. A cidade do Rio tem 59.776 notifica\u00e7\u00f5es. Quatro mortes foram registradas na cidade.<br>A Secretaria Estadual de Sa\u00fade refor\u00e7a que 80% dos criadouros Aedes aegypti, mosquito transmissor da dengue, est\u00e3o dentro de lares e quintais. Da\u00ed, a import\u00e2ncia de evitar focos de \u00e1gua parada.<br>Outra recomenda\u00e7\u00e3o \u00e9 n\u00e3o se automedicar e procurar atendimento de sa\u00fade em casos de sintomas. Os principais s\u00e3o febre alta, dor de cabe\u00e7a, atr\u00e1s dos olhos, no corpo e nas articula\u00e7\u00f5es, prostra\u00e7\u00e3o, mal-estar e manchas vermelhas pelo corpo.<br>Para evitar a prolifera\u00e7\u00e3o do mosquito transmissor \u00e9 importante evitar a forma\u00e7\u00e3o de criadouros, como manter caixa d\u2019\u00e1gua bem vedada, colocar areia em vasos de plantas, n\u00e3o permitir que garrafas velhas e pneus acumulem \u00e1gua da chuva e limpar bem calhas de casas.<br>A prote\u00e7\u00e3o individual pode ser feita com a aplica\u00e7\u00e3o de repelentes, uso de cal\u00e7as e camisas com mangas compridas, e manter telas de prote\u00e7\u00e3o em janelas e portas.<br>Em todo o pa\u00eds, 2024 apresenta 1,5 milh\u00e3o de casos prov\u00e1veis e 391 mortes confirmadas.<\/p>\n\n\n\n<p>Da Ag\u00eancia Brasil<\/p>\n","protected":false},"excerpt":{"rendered":"<p>O n\u00famero de casos prov\u00e1veis de dengue no estado do Rio de Janeiro est\u00e1 dez<\/p>\n","protected":false},"author":1,"featured_media":27124,"comment_status":"closed","ping_status":"open","sticky":false,"template":"","format":"standard","meta":{"spay_email":"","footnotes":"","jetpack_publicize_message":""},"categories":[24],"tags":[],"jetpack_featured_media_url":"https:\/\/i2.wp.com\/jornaldeitaipava.com.br\/wp-content\/uploads\/2022\/04\/dengue.jpg?fit=1199%2C674&ssl=1","jetpack_publicize_connections":[],"jetpack_sharing_enabled":true,"jetpack_likes_enabled":true,"jetpack-related-posts":[],"_links":{"self":[{"href":"https:\/\/jornaldeitaipava.com.br\/index.php\/wp-json\/wp\/v2\/posts\/38682"}],"collection":[{"href":"https:\/\/jornaldeitaipava.com.br\/index.php\/wp-json\/wp\/v2\/posts"}],"about":[{"href":"https:\/\/jornaldeitaipava.com.br\/index.php\/wp-json\/wp\/v2\/types\/post"}],"author":[{"embeddable":true,"href":"https:\/\/jornaldeitaipava.com.br\/index.php\/wp-json\/wp\/v2\/users\/1"}],"replies":[{"embeddable":true,"href":"https:\/\/jornaldeitaipava.com.br\/index.php\/wp-json\/wp\/v2\/comments?post=38682"}],"version-history":[{"count":1,"href":"https:\/\/jornaldeitaipava.com.br\/index.php\/wp-json\/wp\/v2\/posts\/38682\/revisions"}],"predecessor-version":[{"id":38683,"href":"https:\/\/jornaldeitaipava.com.br\/index.php\/wp-json\/wp\/v2\/posts\/38682\/revisions\/38683"}],"wp:featuredmedia":[{"embeddable":true,"href":"https:\/\/jornaldeitaipava.com.br\/index.php\/wp-json\/wp\/v2\/media\/27124"}],"wp:attachment":[{"href":"https:\/\/jornaldeitaipava.com.br\/index.php\/wp-json\/wp\/v2\/media?parent=38682"}],"wp:term":[{"taxonomy":"category","embeddable":true,"href":"https:\/\/jornaldeitaipava.com.br\/index.php\/wp-json\/wp\/v2\/categories?post=38682"},{"taxonomy":"post_tag","embeddable":true,"href":"https:\/\/jornaldeitaipava.com.br\/index.php\/wp-json\/wp\/v2\/tags?post=38682"}],"curies":[{"name":"wp","href":"https:\/\/api.w.org\/{rel}","templated":true}]}}