{"id":38687,"date":"2024-03-14T09:39:58","date_gmt":"2024-03-14T12:39:58","guid":{"rendered":"http:\/\/jornaldeitaipava.com.br\/?p=38687"},"modified":"2024-03-14T09:39:59","modified_gmt":"2024-03-14T12:39:59","slug":"casa-stefan-zweig-apresenta-o-sarau-tecendo-palavras-no-aniversario-de-petropolis","status":"publish","type":"post","link":"https:\/\/jornaldeitaipava.com.br\/index.php\/2024\/03\/14\/casa-stefan-zweig-apresenta-o-sarau-tecendo-palavras-no-aniversario-de-petropolis\/","title":{"rendered":"Casa Stefan Zweig apresenta o Sarau \u201cTecendo Palavras no anivers\u00e1rio de Petr\u00f3polis"},"content":{"rendered":"\n<p>A 5\u00aa edi\u00e7\u00e3o do \u201cTecendo Palavras \u2013 Sarau de Poesia\u201d realizada pelo F\u00f3rum do Campo Lacaniano Regi\u00e3o Serrana-RJ acontecer\u00e1 s\u00e1bado, \u00e0s 16h, na Casa Stefan Zweig. O evento tem entrada franca e lugares limitados. A proposta \u00e9 juntar arte e psican\u00e1lise, a partir da poesia, como lugar para tentar dizer, falar algo sobre as ang\u00fastias do \u2018n\u00e3o lugar\u2019 do sujeito que assim como Stefan Zweig tentava de alguma forma trabalhar sua quest\u00e3o de \u2018estrangeiro\u2019 em toda parte.<br>No dia do anivers\u00e1rio de Petr\u00f3polis, vamos pensar a cidade como lugar de ex\u00edlio e como \u2018mora-dor\u2019, cen\u00e1rio, nos \u00faltimos anos, de muitas hist\u00f3rias tr\u00e1gicas, onde suas feridas hist\u00f3ricas ficaram evidentes e se ampliaram. Petr\u00f3polis tem em sua constru\u00e7\u00e3o a hist\u00f3ria de sujeitos vindos de outro lugar, sentimentos de n\u00e3o lugar. Portanto, que lugar \u00e9 esse? O que \u00e9 poss\u00edvel fazer com ele ou nele? A aposta dessa edi\u00e7\u00e3o diz da ars poetica com lugar para tentar fazer algo com as dores desse lugar ou desse n\u00e3o lugar dos sujeitos.<br>Iniciaremos com uma breve introdu\u00e7\u00e3o sobre o n\u00e3o lugar de Stefan Zweig, Andr\u00e9 Rebou\u00e7as e Joseph May a partir do livro de Leo Spitzer e de outros personagens mencionados pelo escritor J\u00falio Ambrozio em \u2018Geografia Petropolitana\u2019. Em seguida, haver\u00e1 a apresenta\u00e7\u00e3o de textos de poesias autorais ou n\u00e3o dos participantes.<br>O Sarau \u00e9 uma proposta de atividade do F\u00f3rum do Campo Lacaniano Regi\u00e3o Serrana RJ e se tratando de lugar e n\u00e3o lugares, \u00e9 a proposta da psican\u00e1lise na polis assim como a p\u00f3lis est\u00e1 presente no div\u00e3.<br>A 5\u00aa Edi\u00e7\u00e3o do \u201cSarau Tecendo Palavras\u201d faz parte da Programa\u00e7\u00e3o Cultural da CSZ 2024, que tem o patroc\u00ednio da Prefeitura Municipal de Petr\u00f3polis, por meio do Fundo Municipal de Cultural, e da Lei Rouanet. As reservas poder\u00e3o ser feitas pelo e-mail casastefanzweig@gmail.com ou pelo WhatsApp 24 992 566 532.<\/p>\n\n\n\n<p><strong>Sobre a Casa Stefan Zweig<br><\/strong>A CASA STEFAN ZWEIG homenageia a mem\u00f3ria do escritor austr\u00edaco em sua \u00faltima morada. \u00c9 tamb\u00e9m um Memorial do Ex\u00edlio, destinado a divulgar as obras de outros artistas, intelectuais e cientistas que se refugiaram no Brasil durante no per\u00edodo 1933-1945 e que contribu\u00edram para a cultura, as artes e a ci\u00eancia do pa\u00eds. A CASA STEFAN ZWEIG busca o envolvimento da comunidade petropolitana, com \u00eanfase no p\u00fablico jovem (estudantes de escolas p\u00fablicas e privadas). Fiel ao ide\u00e1rio de Stefan Zweig, \u00e9 um centro de refer\u00eancia em defesa da paz, do humanismo e da democracia.<\/p>\n","protected":false},"excerpt":{"rendered":"<p>A 5\u00aa edi\u00e7\u00e3o do \u201cTecendo Palavras \u2013 Sarau de Poesia\u201d realizada pelo F\u00f3rum do Campo<\/p>\n","protected":false},"author":1,"featured_media":33608,"comment_status":"closed","ping_status":"open","sticky":false,"template":"","format":"standard","meta":{"spay_email":"","footnotes":"","jetpack_publicize_message":""},"categories":[1],"tags":[],"jetpack_featured_media_url":"https:\/\/i1.wp.com\/jornaldeitaipava.com.br\/wp-content\/uploads\/2023\/03\/STEFAN-ZWEIG.jpg?fit=1200%2C803&ssl=1","jetpack_publicize_connections":[],"jetpack_sharing_enabled":true,"jetpack_likes_enabled":true,"jetpack-related-posts":[],"_links":{"self":[{"href":"https:\/\/jornaldeitaipava.com.br\/index.php\/wp-json\/wp\/v2\/posts\/38687"}],"collection":[{"href":"https:\/\/jornaldeitaipava.com.br\/index.php\/wp-json\/wp\/v2\/posts"}],"about":[{"href":"https:\/\/jornaldeitaipava.com.br\/index.php\/wp-json\/wp\/v2\/types\/post"}],"author":[{"embeddable":true,"href":"https:\/\/jornaldeitaipava.com.br\/index.php\/wp-json\/wp\/v2\/users\/1"}],"replies":[{"embeddable":true,"href":"https:\/\/jornaldeitaipava.com.br\/index.php\/wp-json\/wp\/v2\/comments?post=38687"}],"version-history":[{"count":1,"href":"https:\/\/jornaldeitaipava.com.br\/index.php\/wp-json\/wp\/v2\/posts\/38687\/revisions"}],"predecessor-version":[{"id":38688,"href":"https:\/\/jornaldeitaipava.com.br\/index.php\/wp-json\/wp\/v2\/posts\/38687\/revisions\/38688"}],"wp:featuredmedia":[{"embeddable":true,"href":"https:\/\/jornaldeitaipava.com.br\/index.php\/wp-json\/wp\/v2\/media\/33608"}],"wp:attachment":[{"href":"https:\/\/jornaldeitaipava.com.br\/index.php\/wp-json\/wp\/v2\/media?parent=38687"}],"wp:term":[{"taxonomy":"category","embeddable":true,"href":"https:\/\/jornaldeitaipava.com.br\/index.php\/wp-json\/wp\/v2\/categories?post=38687"},{"taxonomy":"post_tag","embeddable":true,"href":"https:\/\/jornaldeitaipava.com.br\/index.php\/wp-json\/wp\/v2\/tags?post=38687"}],"curies":[{"name":"wp","href":"https:\/\/api.w.org\/{rel}","templated":true}]}}