{"id":38692,"date":"2024-03-14T09:44:43","date_gmt":"2024-03-14T12:44:43","guid":{"rendered":"http:\/\/jornaldeitaipava.com.br\/?p=38692"},"modified":"2024-03-14T10:18:26","modified_gmt":"2024-03-14T13:18:26","slug":"yuri-moura-cobra-obras-prometidas-pelo-estado-para-petropolis","status":"publish","type":"post","link":"https:\/\/jornaldeitaipava.com.br\/index.php\/2024\/03\/14\/yuri-moura-cobra-obras-prometidas-pelo-estado-para-petropolis\/","title":{"rendered":"YURI MOURA COBRA OBRAS PROMETIDAS PELO ESTADO PARA PETR\u00d3POLIS"},"content":{"rendered":"\n<p>Yuri apresentou relat\u00f3rio de fiscaliza\u00e7\u00e3o das obras da trag\u00e9dia de 2022 e solicitou novas intera\u00e7\u00f5es<br>Ontem \u00e0 tarde, ter\u00e7a-feira (12\/03), o Deputado Estadual Yuri Moura, l\u00edder da bancada do PSOL na Assembleia Legislativa do Rio de Janeiro (Alerj) e pr\u00e9-candidato \u00e0 Prefeitura Municipal de Petr\u00f3polis, participou de reuni\u00e3o com Uruan Andrade, Secret\u00e1rio Estadual de Infraestrutura e Obras. O encontro teve como objetivo discutir o andamento das obras prometidas pelo Governo do Estado para Petr\u00f3polis em resposta \u00e0 trag\u00e9dia de 2022.<br>Desde as chuvas devastadora, o Governo do Estado se comprometeu em realizar interven\u00e7\u00f5es de reconstru\u00e7\u00e3o e preven\u00e7\u00e3o em 11 localidades do munic\u00edpio de Petr\u00f3polis. Durante a reuni\u00e3o, o foco principal foi o acompanhamento e fiscaliza\u00e7\u00e3o dessas obras, tanto aquelas que ainda precisam ser iniciadas, como as de conten\u00e7\u00e3o de encostas e drenagem na Rua Uruguai, Bartolomeu Sodr\u00e9, Travessa Vasconcelos e Ch\u00e1cara Flora, quanto aquelas que j\u00e1 s\u00e3o consideradas conclu\u00eddas, mas necessitam de adequa\u00e7\u00f5es urgentes, como as do Complexo Rua Teresa, especialmente na Rua Nova e Rua Teresa, pr\u00f3ximo ao Posto Shell.<br>Al\u00e9m disso, o Deputado Yuri Moura destacou a import\u00e2ncia de a\u00e7\u00f5es de monitoramento e medidas estruturantes para o bairro do Ing\u00e1, considerando o deslocamento das rochas na regi\u00e3o. \u201c\u00c9 fundamental que haja uma verdadeira coopera\u00e7\u00e3o t\u00e9cnica entre os entes federativos para garantir di\u00e1logo e parceria na execu\u00e7\u00e3o das obras. Como fiscalizador que sou, percebo a falta de comunica\u00e7\u00e3o entre o Munic\u00edpio e o Estado at\u00e9 o momento. N\u00f3s montamos um mapa das obras e vamos mostrar para todos os governos\u201d, ponderou Yuri.<br>Durante a reuni\u00e3o, foram discutidos diversos encaminhamentos, como a participa\u00e7\u00e3o do Deputado Yuri na visita t\u00e9cnica da Defesa Civil do Estado \u00e0 Rua Nova, e a extens\u00e3o dessa visita tamb\u00e9m a outros pontos da Rua Teresa. Al\u00e9m disso, o Secret\u00e1rio de Obras indicou a possibilidade de libera\u00e7\u00e3o de recursos federais para a execu\u00e7\u00e3o de outras obras paradas e pactou a\u00e7\u00e3o junto do Departamento de Recursos Minerais (DRM) para realiza\u00e7\u00e3o de estudos no Ing\u00e1.<br>Atualmente, das obras prometidas pelo Governo do Estado para Petr\u00f3polis, cinco foram apresentadas como conclu\u00eddas, incluindo a Avenida Washington Luiz, Avenida Portugal, Rua Pedro Ivo e o Complexo Rua Teresa. A reforma do T\u00fanel Extravasor segue em execu\u00e7\u00e3o. Tr\u00eas est\u00e3o com interven\u00e7\u00f5es suspensas ou em fase preparat\u00f3ria, como a Travessa Vasconcelos, Ch\u00e1cara Flora e Rua Bartolomeu Sodr\u00e9, e duas foram transferidas para responsabilidade do Munic\u00edpio de Petr\u00f3polis: Estrada do Para\u00edso, Sargento Boening e Rua 1\u00ba de Maio e Rua Paulista. O Complexo Rua Teresa requer adequa\u00e7\u00f5es na execu\u00e7\u00e3o, especialmente na Rua Nova e Rua Teresa, pr\u00f3ximo ao posto Shell.<br>O Deputado Yuri Moura ressaltou que est\u00e1 em articula\u00e7\u00e3o com o Governo Federal para a libera\u00e7\u00e3o de recursos destinados \u00e0s obras de Conten\u00e7\u00e3o e Drenagem em Petr\u00f3polis, visando garantir a seguran\u00e7a e o bem-estar da popula\u00e7\u00e3o local por meio do PAC Sele\u00e7\u00f5es, programa de acelera\u00e7\u00e3o do crescimento que Yuri acompanha de perto.<br>Para mais informa\u00e7\u00f5es, acesse o Instagram @yurimourarj ou entre em contato diretamente na Alerj &#8211; Assembleia Legislativa do Estado do Rio de Janeiro, Edif\u00edcio L\u00facio Costa \u00e0 Rua da Ajuda, 05 \u2013 5\u00ba andar \u2013 Gabinete 503 &#8211; Centro, Rio de Janeiro \u2013 RJ.<\/p>\n","protected":false},"excerpt":{"rendered":"<p>Yuri apresentou relat\u00f3rio de fiscaliza\u00e7\u00e3o das obras da trag\u00e9dia de 2022 e solicitou novas intera\u00e7\u00f5esOntem<\/p>\n","protected":false},"author":1,"featured_media":38693,"comment_status":"closed","ping_status":"open","sticky":false,"template":"","format":"standard","meta":{"spay_email":"","footnotes":"","jetpack_publicize_message":""},"categories":[2],"tags":[],"jetpack_featured_media_url":"https:\/\/i1.wp.com\/jornaldeitaipava.com.br\/wp-content\/uploads\/2024\/03\/18-FOTO-Yuri-Moura-e-Uruan-Andrade-Secretario-Estadual-de-Infraestrutura-e-Obras-scaled.jpg?fit=2560%2C1920&ssl=1","jetpack_publicize_connections":[],"jetpack_sharing_enabled":true,"jetpack_likes_enabled":true,"jetpack-related-posts":[],"_links":{"self":[{"href":"https:\/\/jornaldeitaipava.com.br\/index.php\/wp-json\/wp\/v2\/posts\/38692"}],"collection":[{"href":"https:\/\/jornaldeitaipava.com.br\/index.php\/wp-json\/wp\/v2\/posts"}],"about":[{"href":"https:\/\/jornaldeitaipava.com.br\/index.php\/wp-json\/wp\/v2\/types\/post"}],"author":[{"embeddable":true,"href":"https:\/\/jornaldeitaipava.com.br\/index.php\/wp-json\/wp\/v2\/users\/1"}],"replies":[{"embeddable":true,"href":"https:\/\/jornaldeitaipava.com.br\/index.php\/wp-json\/wp\/v2\/comments?post=38692"}],"version-history":[{"count":1,"href":"https:\/\/jornaldeitaipava.com.br\/index.php\/wp-json\/wp\/v2\/posts\/38692\/revisions"}],"predecessor-version":[{"id":38694,"href":"https:\/\/jornaldeitaipava.com.br\/index.php\/wp-json\/wp\/v2\/posts\/38692\/revisions\/38694"}],"wp:featuredmedia":[{"embeddable":true,"href":"https:\/\/jornaldeitaipava.com.br\/index.php\/wp-json\/wp\/v2\/media\/38693"}],"wp:attachment":[{"href":"https:\/\/jornaldeitaipava.com.br\/index.php\/wp-json\/wp\/v2\/media?parent=38692"}],"wp:term":[{"taxonomy":"category","embeddable":true,"href":"https:\/\/jornaldeitaipava.com.br\/index.php\/wp-json\/wp\/v2\/categories?post=38692"},{"taxonomy":"post_tag","embeddable":true,"href":"https:\/\/jornaldeitaipava.com.br\/index.php\/wp-json\/wp\/v2\/tags?post=38692"}],"curies":[{"name":"wp","href":"https:\/\/api.w.org\/{rel}","templated":true}]}}