{"id":38695,"date":"2024-03-14T09:46:57","date_gmt":"2024-03-14T12:46:57","guid":{"rendered":"http:\/\/jornaldeitaipava.com.br\/?p=38695"},"modified":"2024-03-14T09:46:59","modified_gmt":"2024-03-14T12:46:59","slug":"centro-cultura-sesc-quitandinha-celebra-os-181-anos-de-petropolis-com-espetaculo-da-filarmonica-metropolitana","status":"publish","type":"post","link":"https:\/\/jornaldeitaipava.com.br\/index.php\/2024\/03\/14\/centro-cultura-sesc-quitandinha-celebra-os-181-anos-de-petropolis-com-espetaculo-da-filarmonica-metropolitana\/","title":{"rendered":"Centro Cultura Sesc Quitandinha celebra os 181 anos de Petr\u00f3polis com espet\u00e1culo da Filarm\u00f4nica Metropolitana"},"content":{"rendered":"\n<p class=\"has-text-align-center\"><strong>Orquestra formada s\u00f3 por mulheres vai apresentar obras que ajudam a contar a hist\u00f3ria da m\u00fasica brasileira sob os olhares de compositoras do pa\u00eds. Apresenta\u00e7\u00e3o vai acontecer no s\u00e1bado, 16\/03, \u00e0s 20h, no Teatro Mecanizado<\/strong><\/p>\n\n\n\n<p><br>O Centro Cultural Sesc Quitandinha (CCSQ) tem um presente para Petr\u00f3polis. No pr\u00f3ximo s\u00e1bado (16\/03) \u2013 anivers\u00e1rio da Cidade Imperial \u2013 a Orquestra Filarm\u00f4nica Metropolitana vai apresentar o espet\u00e1culo \u201cSons pelas Mulheres\u201d, sob reg\u00eancia da maestrina manauara Waleska Ara\u00fajo. A apresenta\u00e7\u00e3o, em celebra\u00e7\u00e3o aos 181 anos do munic\u00edpio vai acontecer \u00e0s 20h, no Teatro Mecanizado.<br>O espet\u00e1culo tem como protagonista a mulher, da composi\u00e7\u00e3o das obras \u00e0 execu\u00e7\u00e3o. O repert\u00f3rio conta trechos da hist\u00f3ria da m\u00fasica brasileira sob olhares de compositoras nacionais de forma cronol\u00f3gica, desde Chiquinha Gonzaga (a precursora), passando por Dolores Duran, Maysa Matarazzo, Clementina de Jesus, Jovelina P\u00e9rola Negra e Nara Le\u00e3o, at\u00e9 a contemporaneidade de Clarice Assad. A performance ainda prestar\u00e1 um tributo a Rita Lee.<br>\u201c\u00c9 a jun\u00e7\u00e3o de ousadia e originalidade para exaltar algumas artistas nacionais da m\u00fasica. \u2018Sons pelas mulheres\u2019 \u00e9 a floresc\u00eancia da alma feminina que grita por um lugar, n\u00e3o somente ao mundo, mas dentro da consci\u00eancia do ser humano atrav\u00e9s de um produto in\u00e9dito\u201d, diz a maestrina Waleska Ara\u00fajo.<br>As obras ser\u00e3o apresentadas pelas musicistas da Filarm\u00f4nica. A orquestra foi fundada no munic\u00edpio de S\u00e3o Gon\u00e7alo, e re\u00fane m\u00fasicos de excel\u00eancia de diversas regi\u00f5es do estado. Com uma vigorosa veia art\u00edstica e valoriza\u00e7\u00e3o dos compositores nacionais e interpretando a m\u00fasica de concerto, a Filarm\u00f4nica aproxima o p\u00fablico da m\u00fasica cl\u00e1ssica, atrav\u00e9s de s\u00e9ries musicais com um repert\u00f3rio diversificado.<\/p>\n\n\n\n<p><strong>Mais sobre a maestrina<br><\/strong>Natural de Manaus (AM), Waleska Ara\u00fajo \u00e9 bacharel em Violino e especialista em M\u00fasica de C\u00e2mara pelo Conservat\u00f3rio Brasileiro de M\u00fasica (CBM). Iniciou seus estudos musicais aos 10 anos, tocando violino e se apresentou com orquestras no Brasil, no Chile e na Argentina. No Rio de Janeiro, desde 2012, vem desenvolvendo seu trabalho em projetos sociais de m\u00fasica em v\u00e1rias comunidades. J\u00e1 regeu grandes nomes da m\u00fasica e esteve \u00e0 frente do Concerto Internacional Simult\u00e2neo Brasil-Fran\u00e7a, no Pal\u00e1cio Itamaraty, em Bras\u00edlia, e no Pal\u00e1cio de Versalhes, em Paris.<\/p>\n\n\n\n<p><strong>SERVI\u00c7O<br><\/strong>Orquestra Filarm\u00f4nica Metropolitana<br>S\u00e1bado, 16\/03, \u00e0s 20h<br>Centro Cultura Sesc Quitandinha (CCSQ)<br>Endere\u00e7o: Avenida Joaquim Rolla, 2 &#8211; Quitandinha, Petr\u00f3polis &#8211; RJ<br>Ingressos: R$ 10 (inteiro), R$ 5 (meia-entrada) e gratuito (credencial plena Sesc e p\u00fablico cadastrado no PCG)<\/p>\n","protected":false},"excerpt":{"rendered":"<p>Orquestra formada s\u00f3 por mulheres vai apresentar obras que ajudam a contar a hist\u00f3ria da<\/p>\n","protected":false},"author":1,"featured_media":38696,"comment_status":"closed","ping_status":"open","sticky":false,"template":"","format":"standard","meta":{"spay_email":"","footnotes":"","jetpack_publicize_message":""},"categories":[1],"tags":[],"jetpack_featured_media_url":"https:\/\/i1.wp.com\/jornaldeitaipava.com.br\/wp-content\/uploads\/2024\/03\/Filarmonica-Metropolitana_Credito-Arthur-Figueiredo-2-scaled.jpg?fit=2560%2C1707&ssl=1","jetpack_publicize_connections":[],"jetpack_sharing_enabled":true,"jetpack_likes_enabled":true,"jetpack-related-posts":[],"_links":{"self":[{"href":"https:\/\/jornaldeitaipava.com.br\/index.php\/wp-json\/wp\/v2\/posts\/38695"}],"collection":[{"href":"https:\/\/jornaldeitaipava.com.br\/index.php\/wp-json\/wp\/v2\/posts"}],"about":[{"href":"https:\/\/jornaldeitaipava.com.br\/index.php\/wp-json\/wp\/v2\/types\/post"}],"author":[{"embeddable":true,"href":"https:\/\/jornaldeitaipava.com.br\/index.php\/wp-json\/wp\/v2\/users\/1"}],"replies":[{"embeddable":true,"href":"https:\/\/jornaldeitaipava.com.br\/index.php\/wp-json\/wp\/v2\/comments?post=38695"}],"version-history":[{"count":1,"href":"https:\/\/jornaldeitaipava.com.br\/index.php\/wp-json\/wp\/v2\/posts\/38695\/revisions"}],"predecessor-version":[{"id":38697,"href":"https:\/\/jornaldeitaipava.com.br\/index.php\/wp-json\/wp\/v2\/posts\/38695\/revisions\/38697"}],"wp:featuredmedia":[{"embeddable":true,"href":"https:\/\/jornaldeitaipava.com.br\/index.php\/wp-json\/wp\/v2\/media\/38696"}],"wp:attachment":[{"href":"https:\/\/jornaldeitaipava.com.br\/index.php\/wp-json\/wp\/v2\/media?parent=38695"}],"wp:term":[{"taxonomy":"category","embeddable":true,"href":"https:\/\/jornaldeitaipava.com.br\/index.php\/wp-json\/wp\/v2\/categories?post=38695"},{"taxonomy":"post_tag","embeddable":true,"href":"https:\/\/jornaldeitaipava.com.br\/index.php\/wp-json\/wp\/v2\/tags?post=38695"}],"curies":[{"name":"wp","href":"https:\/\/api.w.org\/{rel}","templated":true}]}}