{"id":38698,"date":"2024-03-14T09:50:23","date_gmt":"2024-03-14T12:50:23","guid":{"rendered":"http:\/\/jornaldeitaipava.com.br\/?p=38698"},"modified":"2024-03-14T09:50:24","modified_gmt":"2024-03-14T12:50:24","slug":"rua-teresa-prepara-promocoes-para-o-dia-do-consumidor-e-feriado-do-aniversario-de-petropolis","status":"publish","type":"post","link":"https:\/\/jornaldeitaipava.com.br\/index.php\/2024\/03\/14\/rua-teresa-prepara-promocoes-para-o-dia-do-consumidor-e-feriado-do-aniversario-de-petropolis\/","title":{"rendered":"Rua Teresa prepara promo\u00e7\u00f5es para o Dia do Consumidor e feriado do anivers\u00e1rio de Petr\u00f3polis"},"content":{"rendered":"\n<p>Mais uma data especial para o com\u00e9rcio est\u00e1 chegando, o Dia do Consumidor: 15 de mar\u00e7o. Para comemorar, lojas da Rua Teresa prepararam a\u00e7\u00f5es especiais com descontos e distribui\u00e7\u00e3o de brindes. No s\u00e1bado, dia 16, anivers\u00e1rio da cidade, petropolitanos tamb\u00e9m ter\u00e3o novidades no maior polo de moda do Estado.<br>\u201c\u00d3tima oportunidade para conferir as novidades das lojas e adquirir pe\u00e7as de qualidade com valor diferenciado. H\u00e1 roupas para todos os p\u00fablicos e gostos, com cores e tamanhos diferenciados\u201d, afirma a presidente da ARTE, Denise Fiorini.<br>No Dia do Consumidor os clientes poder\u00e3o ganhar brindes como necessaire, ecobag e at\u00e9 pe\u00e7as promocionais, considerando as regras estabelecidas por cada loja. J\u00e1 no s\u00e1bado, anivers\u00e1rio de Petr\u00f3polis, o destaque ficar\u00e1 por conta dos descontos a partir de 10% em pe\u00e7as marcadas.<br>A expectativa \u00e9 positiva, segundo o \u00cdndice Antecedente de Vendas do Instituto para Desenvolvimento do Varejo (IAV-IDV), no que diz respeito \u00e0s vendas no primeiro trimestre e, nas previs\u00f5es, o m\u00eas de mar\u00e7o \u00e9 o que apresenta as maiores altas, com previs\u00e3o de 6% para o vestu\u00e1rio.<br>\u201c\u00c9 uma boa dica para quem dispensa o chocolate na P\u00e1scoa e prefere ganhar ou presentear os amigos e familiares com roupas e acess\u00f3rios. Vale a pena aproveitar esses dias para conseguir comprar presentes especiais e, o melhor, com \u00f3timo pre\u00e7o\u201d, completa Denise Fiorini.<br>As novidades da programa\u00e7\u00e3o, funcionamento, curiosidades e promo\u00e7\u00f5es da nossa Rua podem ser conferidos no Instagram oficial da ARTE (@ruateresaoficial).<\/p>\n","protected":false},"excerpt":{"rendered":"<p>Mais uma data especial para o com\u00e9rcio est\u00e1 chegando, o Dia do Consumidor: 15 de<\/p>\n","protected":false},"author":1,"featured_media":36715,"comment_status":"closed","ping_status":"open","sticky":false,"template":"","format":"standard","meta":{"spay_email":"","footnotes":"","jetpack_publicize_message":""},"categories":[24],"tags":[],"jetpack_featured_media_url":"https:\/\/i1.wp.com\/jornaldeitaipava.com.br\/wp-content\/uploads\/2023\/10\/Rua-Teresa-Reproducao-Instagram.jpeg?fit=1141%2C988&ssl=1","jetpack_publicize_connections":[],"jetpack_sharing_enabled":true,"jetpack_likes_enabled":true,"jetpack-related-posts":[],"_links":{"self":[{"href":"https:\/\/jornaldeitaipava.com.br\/index.php\/wp-json\/wp\/v2\/posts\/38698"}],"collection":[{"href":"https:\/\/jornaldeitaipava.com.br\/index.php\/wp-json\/wp\/v2\/posts"}],"about":[{"href":"https:\/\/jornaldeitaipava.com.br\/index.php\/wp-json\/wp\/v2\/types\/post"}],"author":[{"embeddable":true,"href":"https:\/\/jornaldeitaipava.com.br\/index.php\/wp-json\/wp\/v2\/users\/1"}],"replies":[{"embeddable":true,"href":"https:\/\/jornaldeitaipava.com.br\/index.php\/wp-json\/wp\/v2\/comments?post=38698"}],"version-history":[{"count":1,"href":"https:\/\/jornaldeitaipava.com.br\/index.php\/wp-json\/wp\/v2\/posts\/38698\/revisions"}],"predecessor-version":[{"id":38699,"href":"https:\/\/jornaldeitaipava.com.br\/index.php\/wp-json\/wp\/v2\/posts\/38698\/revisions\/38699"}],"wp:featuredmedia":[{"embeddable":true,"href":"https:\/\/jornaldeitaipava.com.br\/index.php\/wp-json\/wp\/v2\/media\/36715"}],"wp:attachment":[{"href":"https:\/\/jornaldeitaipava.com.br\/index.php\/wp-json\/wp\/v2\/media?parent=38698"}],"wp:term":[{"taxonomy":"category","embeddable":true,"href":"https:\/\/jornaldeitaipava.com.br\/index.php\/wp-json\/wp\/v2\/categories?post=38698"},{"taxonomy":"post_tag","embeddable":true,"href":"https:\/\/jornaldeitaipava.com.br\/index.php\/wp-json\/wp\/v2\/tags?post=38698"}],"curies":[{"name":"wp","href":"https:\/\/api.w.org\/{rel}","templated":true}]}}