{"id":38700,"date":"2024-03-14T09:52:00","date_gmt":"2024-03-14T12:52:00","guid":{"rendered":"http:\/\/jornaldeitaipava.com.br\/?p=38700"},"modified":"2024-03-14T09:52:02","modified_gmt":"2024-03-14T12:52:02","slug":"acordo-judicial-poe-fim-a-greve-dos-rodoviarios-em-teresopolis","status":"publish","type":"post","link":"https:\/\/jornaldeitaipava.com.br\/index.php\/2024\/03\/14\/acordo-judicial-poe-fim-a-greve-dos-rodoviarios-em-teresopolis\/","title":{"rendered":"Acordo judicial p\u00f5e fim \u00e0 greve dos rodovi\u00e1rios em Teres\u00f3polis"},"content":{"rendered":"\n<p>Em audi\u00eancia de concilia\u00e7\u00e3o realizada na tarde desta ter\u00e7a, 12\/03, na 3\u00aa Vara C\u00edvel de Teres\u00f3polis, com representantes da Prefeitura de Teres\u00f3polis e das Via\u00e7\u00f5es Dedo de Deus e Primeiro de Mar\u00e7o, ficou estabelecido que o valor da tarifa de transporte municipal urbano, com exce\u00e7\u00e3o dos \u00f4nibus executivos, passar\u00e1 dos atuais R$ 4,90 para R$ 5,30.<br>Inicialmente reivindicado pelas empresas de \u00f4nibus, o pre\u00e7o de R$ 5,90 foi negado pelo Munic\u00edpio, que defende a manuten\u00e7\u00e3o dos R$ 4,90 praticados atualmente. Por\u00e9m, contra a vontade da Prefeitura, a tarifa foi fixada em R$ 5,30, se igualando ao praticado pelo munic\u00edpio de Petr\u00f3polis com o reajuste anual de 2023.<br>Com o acordo judicial, foram encerradas as negocia\u00e7\u00f5es salariais entre as empresas e o Sindicato dos Trabalhadores Rodovi\u00e1rios de Cargas e Passageiros de Teres\u00f3polis e Guapimirim e os \u00f4nibus come\u00e7am a circular gradativamente para atender a popula\u00e7\u00e3o.<br>Respeitando o artigo n\u00ba 135 da Lei Org\u00e2nica do Munic\u00edpio, o novo valor entrar\u00e1 em vigor no pr\u00f3ximo domingo, dia 17 de mar\u00e7o.<br>A nova tarifa de \u00f4nibus ficar\u00e1 em vigor at\u00e9 sete dias \u00fateis ap\u00f3s uma audi\u00eancia p\u00fablica, a ser realizada pela C\u00e2mara dos Vereadores, conforme determinado pela Lei Municipal 3.772\/2019. Nesta audi\u00eancia, as empresas de \u00f4nibus apresentar\u00e3o as planilhas de custos para comprovar a necessidade desse aumento.<\/p>\n","protected":false},"excerpt":{"rendered":"<p>Em audi\u00eancia de concilia\u00e7\u00e3o realizada na tarde desta ter\u00e7a, 12\/03, na 3\u00aa Vara C\u00edvel de<\/p>\n","protected":false},"author":1,"featured_media":27623,"comment_status":"closed","ping_status":"open","sticky":false,"template":"","format":"standard","meta":{"spay_email":"","footnotes":"","jetpack_publicize_message":""},"categories":[5],"tags":[],"jetpack_featured_media_url":"https:\/\/i1.wp.com\/jornaldeitaipava.com.br\/wp-content\/uploads\/2022\/04\/TERE-ONIBUS.png?fit=463%2C253&ssl=1","jetpack_publicize_connections":[],"jetpack_sharing_enabled":true,"jetpack_likes_enabled":true,"jetpack-related-posts":[],"_links":{"self":[{"href":"https:\/\/jornaldeitaipava.com.br\/index.php\/wp-json\/wp\/v2\/posts\/38700"}],"collection":[{"href":"https:\/\/jornaldeitaipava.com.br\/index.php\/wp-json\/wp\/v2\/posts"}],"about":[{"href":"https:\/\/jornaldeitaipava.com.br\/index.php\/wp-json\/wp\/v2\/types\/post"}],"author":[{"embeddable":true,"href":"https:\/\/jornaldeitaipava.com.br\/index.php\/wp-json\/wp\/v2\/users\/1"}],"replies":[{"embeddable":true,"href":"https:\/\/jornaldeitaipava.com.br\/index.php\/wp-json\/wp\/v2\/comments?post=38700"}],"version-history":[{"count":1,"href":"https:\/\/jornaldeitaipava.com.br\/index.php\/wp-json\/wp\/v2\/posts\/38700\/revisions"}],"predecessor-version":[{"id":38701,"href":"https:\/\/jornaldeitaipava.com.br\/index.php\/wp-json\/wp\/v2\/posts\/38700\/revisions\/38701"}],"wp:featuredmedia":[{"embeddable":true,"href":"https:\/\/jornaldeitaipava.com.br\/index.php\/wp-json\/wp\/v2\/media\/27623"}],"wp:attachment":[{"href":"https:\/\/jornaldeitaipava.com.br\/index.php\/wp-json\/wp\/v2\/media?parent=38700"}],"wp:term":[{"taxonomy":"category","embeddable":true,"href":"https:\/\/jornaldeitaipava.com.br\/index.php\/wp-json\/wp\/v2\/categories?post=38700"},{"taxonomy":"post_tag","embeddable":true,"href":"https:\/\/jornaldeitaipava.com.br\/index.php\/wp-json\/wp\/v2\/tags?post=38700"}],"curies":[{"name":"wp","href":"https:\/\/api.w.org\/{rel}","templated":true}]}}