{"id":38705,"date":"2024-03-14T10:04:34","date_gmt":"2024-03-14T13:04:34","guid":{"rendered":"http:\/\/jornaldeitaipava.com.br\/?p=38705"},"modified":"2024-03-14T10:04:37","modified_gmt":"2024-03-14T13:04:37","slug":"appo-participa-proxima-edicao-do-ecobrecho-park-na-ipiranga","status":"publish","type":"post","link":"https:\/\/jornaldeitaipava.com.br\/index.php\/2024\/03\/14\/appo-participa-proxima-edicao-do-ecobrecho-park-na-ipiranga\/","title":{"rendered":"APPO PARTICIPA PR\u00d3XIMA EDI\u00c7\u00c3O DO ECOBRECH\u00d3 PARK, NA IPIRANGA"},"content":{"rendered":"\n<p class=\"has-text-align-center\"><strong>Recursos obtidos no evento v\u00e3o ser usados para pagamento de contas em atraso<\/strong><\/p>\n\n\n\n<p>A APPO &#8211; Associa\u00e7\u00e3o Petropolitana dos Pacientes Oncol\u00f3gicos est\u00e1 mais uma vez unindo for\u00e7as com a comunidade para enfrentar os desafios financeiros que acompanham sua miss\u00e3o de apoio a pacientes com c\u00e2ncer. Em sua participa\u00e7\u00e3o na pr\u00f3xima edi\u00e7\u00e3o do EcoBrech\u00f3 Park\u00ae, a APPO busca arrecadar recursos cruciais para quitar contas em atraso e garantir a continuidade de seus servi\u00e7os vitais.<br>A pr\u00f3xima edi\u00e7\u00e3o do EcoBrech\u00f3 Park\u00ae ser\u00e1 realizada nos dias 15,0 16 e 17 de mar\u00e7o, na Avenida Ipiranga, 846, Centro de Petr\u00f3polis. A feira, conhecida por sua diversidade de pe\u00e7as e por ser uma \u00f3tima oportunidade para adquirir itens \u00fanicos, estar\u00e1 aberta na sexta e s\u00e1bado das 10h \u00e0s 21h, e no domingo das 10h \u00e0s 18h.<br>Todas as pe\u00e7as dispon\u00edveis no espa\u00e7o da APPO s\u00e3o doa\u00e7\u00f5es generosas da comunidade local, passando por um criterioso processo de triagem para garantir qualidade e variedade. Ao adquirir produtos da APPO, os visitantes n\u00e3o apenas contribuem para a causa, mas tamb\u00e9m levam para casa itens exclusivos a pre\u00e7os acess\u00edveis.<br>Com mais de 30 anos de dedica\u00e7\u00e3o \u00e0 causa, a APPO \u00e9 amplamente reconhecida por sua import\u00e2ncia na sociedade e pelo apoio constante recebido do poder p\u00fablico. No entanto, mesmo com essa valoriza\u00e7\u00e3o, a organiza\u00e7\u00e3o enfrenta dificuldades financeiras para cobrir os custos fixos mensais necess\u00e1rios para manter as atividades.<br>Em 2023, a APPO deu in\u00edcio a uma parceria frut\u00edfera com o EcoBrech\u00f3 Park\u00ae, o maior evento de brech\u00f3s do Estado do Rio de Janeiro. A participa\u00e7\u00e3o no evento foi fundamental para aliviar a press\u00e3o financeira, permitindo que a associa\u00e7\u00e3o cumprisse com seus compromissos e continuasse a oferecer suporte aos pacientes oncol\u00f3gicos da regi\u00e3o.<br>Os recursos obtidos durante o EcoBrech\u00f3 Park\u00ae ser\u00e3o destinados ao pagamento de contas em atraso, proporcionando um al\u00edvio imediato nas finan\u00e7as da APPO. A expectativa \u00e9 que a participa\u00e7\u00e3o no evento ajude n\u00e3o apenas a quitar d\u00edvidas pendentes, mas tamb\u00e9m a construir uma reserva financeira que permitir\u00e1 \u00e0 associa\u00e7\u00e3o enfrentar dias de crise acentuada com mais seguran\u00e7a.<br>\u201cA APPO convida a comunidade a prestigiar o EcoBrech\u00f3 Park\u00ae e a contribuir para essa causa nobre. Juntos, podemos continuar a fazer a diferen\u00e7a na vida dos pacientes oncol\u00f3gicos de Petr\u00f3polis\u201d, frisou Gabi Andrade, diretora de Rela\u00e7\u00f5es P\u00fablicas volunt\u00e1ria da APPO.<br>Mais informa\u00e7\u00f5es sobre o evento podem ser adquiridas por meio do Instagram @ecobrechopark (https:\/\/www.instagram.com\/ecobrechopark\/) e do Facebook @ecobrechopark (https:\/\/www.facebook.com\/ecobrechopark\/).<\/p>\n","protected":false},"excerpt":{"rendered":"<p>Recursos obtidos no evento v\u00e3o ser usados para pagamento de contas em atraso A APPO<\/p>\n","protected":false},"author":1,"featured_media":38706,"comment_status":"closed","ping_status":"open","sticky":false,"template":"","format":"standard","meta":{"spay_email":"","footnotes":"","jetpack_publicize_message":""},"categories":[42],"tags":[],"jetpack_featured_media_url":"https:\/\/i1.wp.com\/jornaldeitaipava.com.br\/wp-content\/uploads\/2024\/03\/ecobrecho.png?fit=417%2C282&ssl=1","jetpack_publicize_connections":[],"jetpack_sharing_enabled":true,"jetpack_likes_enabled":true,"jetpack-related-posts":[],"_links":{"self":[{"href":"https:\/\/jornaldeitaipava.com.br\/index.php\/wp-json\/wp\/v2\/posts\/38705"}],"collection":[{"href":"https:\/\/jornaldeitaipava.com.br\/index.php\/wp-json\/wp\/v2\/posts"}],"about":[{"href":"https:\/\/jornaldeitaipava.com.br\/index.php\/wp-json\/wp\/v2\/types\/post"}],"author":[{"embeddable":true,"href":"https:\/\/jornaldeitaipava.com.br\/index.php\/wp-json\/wp\/v2\/users\/1"}],"replies":[{"embeddable":true,"href":"https:\/\/jornaldeitaipava.com.br\/index.php\/wp-json\/wp\/v2\/comments?post=38705"}],"version-history":[{"count":1,"href":"https:\/\/jornaldeitaipava.com.br\/index.php\/wp-json\/wp\/v2\/posts\/38705\/revisions"}],"predecessor-version":[{"id":38707,"href":"https:\/\/jornaldeitaipava.com.br\/index.php\/wp-json\/wp\/v2\/posts\/38705\/revisions\/38707"}],"wp:featuredmedia":[{"embeddable":true,"href":"https:\/\/jornaldeitaipava.com.br\/index.php\/wp-json\/wp\/v2\/media\/38706"}],"wp:attachment":[{"href":"https:\/\/jornaldeitaipava.com.br\/index.php\/wp-json\/wp\/v2\/media?parent=38705"}],"wp:term":[{"taxonomy":"category","embeddable":true,"href":"https:\/\/jornaldeitaipava.com.br\/index.php\/wp-json\/wp\/v2\/categories?post=38705"},{"taxonomy":"post_tag","embeddable":true,"href":"https:\/\/jornaldeitaipava.com.br\/index.php\/wp-json\/wp\/v2\/tags?post=38705"}],"curies":[{"name":"wp","href":"https:\/\/api.w.org\/{rel}","templated":true}]}}