{"id":38710,"date":"2024-03-14T10:09:31","date_gmt":"2024-03-14T13:09:31","guid":{"rendered":"http:\/\/jornaldeitaipava.com.br\/?p=38710"},"modified":"2024-03-14T10:09:33","modified_gmt":"2024-03-14T13:09:33","slug":"prefeitura-convoca-petropolitanos-a-vacinacao","status":"publish","type":"post","link":"https:\/\/jornaldeitaipava.com.br\/index.php\/2024\/03\/14\/prefeitura-convoca-petropolitanos-a-vacinacao\/","title":{"rendered":"Prefeitura convoca petropolitanos \u00e0 vacina\u00e7\u00e3o"},"content":{"rendered":"\n<p>A Prefeitura est\u00e1 refor\u00e7ando a import\u00e2ncia da vacina\u00e7\u00e3o contra a covid-19 e convoca todos aqueles que pertencem aos grupos priorit\u00e1rios, que ainda n\u00e3o iniciaram o esquema vacinal ou n\u00e3o receberam a dose de refor\u00e7o anual, a procurarem os postos de vacina\u00e7\u00e3o para se imunizarem a partir da pr\u00f3xima segunda, 18 de mar\u00e7o. Petr\u00f3polis, assim como em todo o pa\u00eds, tem apresentado uma eleva\u00e7\u00e3o no n\u00famero de casos, inclusive com interna\u00e7\u00f5es.<br>De acordo com dados da Secretaria de Sa\u00fade, at\u00e9 o momento, foi alcan\u00e7ada uma cobertura vacinal de 97,89% da popula\u00e7\u00e3o com as duas primeiras doses do esquema vacinal prim\u00e1rio. \u201cNo entanto, a ades\u00e3o para a dose de refor\u00e7o tem sido abaixo do esperado. Estamos comprometidos em garantir que nossa popula\u00e7\u00e3o receba a prote\u00e7\u00e3o necess\u00e1ria. As vacinas s\u00e3o seguras e eficazes. Por isso encorajamos a todos que ainda n\u00e3o foram vacinados a tomarem essa medida para sua pr\u00f3pria sa\u00fade e da nossa cidade&#8221;, ressaltou o prefeito Rubens Bomtempo.<br>O secret\u00e1rio de Sa\u00fade, Marcus Curvelo, explica que apenas 60,47% do p\u00fablico alvo compareceu para receber a terceira dose do imunizante e que a cobertura de refor\u00e7o da vacina bivalente \u00e9 de apenas 26,99%. \u201c\u00c9 fundamental que as pessoas do grupo priorit\u00e1rio compreendam a import\u00e2ncia de atualizar o esquema vacinal para garantir uma prote\u00e7\u00e3o eficaz contra o v\u00edrus. A campanha de vacina\u00e7\u00e3o contra covid-19 recomenda uma dose de refor\u00e7o anual para os grupos priorit\u00e1rios, exceto idosos, gestantes, pu\u00e9rperas e imunocomprometidos, estes t\u00eam indica\u00e7\u00e3o de refor\u00e7o a cada seis meses&#8221;, enfatizou Marcus Curvelo.<br>A chefe da Divis\u00e3o de Imuniza\u00e7\u00e3o, Thayene Varella, destacou a necessidade de intensificar os esfor\u00e7os para aumentar a cobertura vacinal, especialmente entre os grupos priorit\u00e1rios. &#8220;A vacina\u00e7\u00e3o \u00e9 uma medida de sa\u00fade p\u00fablica que n\u00e3o apenas protege o indiv\u00edduo, mas tamb\u00e9m contribui para o controle da dissemina\u00e7\u00e3o do v\u00edrus\u201d, frisa.<\/p>\n\n\n\n<p><strong>Confira os grupos priorit\u00e1rios para vacina\u00e7\u00e3o contra covid-19 em 2024<\/strong><\/p>\n\n\n\n<ul>\n<li>Pessoas de 60 anos ou mais;<\/li>\n\n\n\n<li>Pessoas vivendo em institui\u00e7\u00f5es de longa perman\u00eancia (ILPI e RI), e seus trabalhadores;<\/li>\n\n\n\n<li>Pessoas imunocomprometidas a partir de 5 anos de idade;<\/li>\n\n\n\n<li>Ind\u00edgenas, ribeirinhos e quilombolas (a partir de 5 anos de idade);<\/li>\n\n\n\n<li>Gestantes e pu\u00e9rperas at\u00e9 45 dias p\u00f3s parto;<\/li>\n\n\n\n<li>Trabalhadores da sa\u00fade;<\/li>\n\n\n\n<li>Pessoas com defici\u00eancia permanente (a partir de 5 anos de idade);<\/li>\n\n\n\n<li>Pessoas com comorbidades (a partir de 5 anos de idade);<\/li>\n\n\n\n<li>Pessoas privadas de liberdade (\u2265 18 anos);<\/li>\n\n\n\n<li>Funcion\u00e1rios do sistema de priva\u00e7\u00e3o de liberdade;<\/li>\n\n\n\n<li>Adolescentes e jovens cumprindo medidas socioeducativas;<\/li>\n\n\n\n<li>Pessoas em situa\u00e7\u00e3o de rua.<\/li>\n<\/ul>\n\n\n\n<p><strong>Postos de Vacina\u00e7\u00e3o<br>Centro de Sa\u00fade Coletiva<br><\/strong>8h \u00e0s 16h &#8211; ter\u00e7a, quinta e sexta;<br>8:00 \u00e0s 19:30 segunda e quarta;<br><strong>PSF Alto da Serra<br><\/strong>8h \u00e0s 16h &#8211; ter\u00e7a e sexta<br>8h \u00e0s 19h30 segunda, quarta e quinta;<br><strong>UBS Alto Independ\u00eancia<br><\/strong>8h30 \u00e0s 16h30 &#8211; segunda a sexta;<br><strong>UBS Morin<br><\/strong>8h30 \u00e0s 16h3 &#8211; segunda, quarta e sexta;<br>8h30 \u00e0s 19h30 &#8211; ter\u00e7a e quinta;<br><strong>UBS Quitandinha<br><\/strong>8h30 \u00e0s 19h &#8211; segunda a sexta;<br>Ambulat\u00f3rio Escola FMP\/FASE<br>8h \u00e0s 16h &#8211; segunda a sexta;<br><strong>Centro de Sa\u00fade Itamarati<br><\/strong>8h30 \u00e0s 19h30 segunda a sexta;<br><strong>Ambulat\u00f3rio do Hospital Alcides Carneiro<br><\/strong>8h30 \u00e0s 16h30 &#8211; segunda a sexta;<br><strong>PSF Posse8<br><\/strong>8h \u00e0s 16h &#8211; segunda a sexta;<br><strong>UBS Mosela<br><\/strong>8h30 \u00e0s 19h &#8211; segunda, quarta e sexta.<br>8h30 \u00e0s 16h30 &#8211; ter\u00e7a e quinta.<br><strong>UBS Araras<br><\/strong>7h30 \u00e0s 15h30 segunda a sexta;<br><strong>UBS Itaipava<br><\/strong>8h30 \u00e0s 16h30 segunda, quarta e sexta;<br>8h30 \u00e0s 19h &#8211; ter\u00e7a e quinta;<br><strong>UBS Pedro do Rio<br><\/strong>8h \u00e0s 16h segunda a sexta;<br><strong>UBS Retiro<br><\/strong>8h30 \u00e0s 19h30 &#8211; segunda a sexta;<br><strong>UBS Bairro da Gl\u00f3ria<br><\/strong>8h30 \u00e0s 16h30 &#8211; segunda a sexta.<br><strong>UBS Vicenzo Rivetti<br><\/strong>8h30 \u00e0s 16h30 segunda a sexta<br>Centro de Sa\u00fade Coletiva e UBS Itaipava vacina\u00e7\u00e3o contra covid a partir dos 6 meses<\/p>\n","protected":false},"excerpt":{"rendered":"<p>A Prefeitura est\u00e1 refor\u00e7ando a import\u00e2ncia da vacina\u00e7\u00e3o contra a covid-19 e convoca todos aqueles<\/p>\n","protected":false},"author":1,"featured_media":19600,"comment_status":"closed","ping_status":"open","sticky":false,"template":"","format":"standard","meta":{"spay_email":"","footnotes":"","jetpack_publicize_message":""},"categories":[24],"tags":[],"jetpack_featured_media_url":"https:\/\/i2.wp.com\/jornaldeitaipava.com.br\/wp-content\/uploads\/2021\/09\/comprovante-vacina.png?fit=1061%2C617&ssl=1","jetpack_publicize_connections":[],"jetpack_sharing_enabled":true,"jetpack_likes_enabled":true,"jetpack-related-posts":[],"_links":{"self":[{"href":"https:\/\/jornaldeitaipava.com.br\/index.php\/wp-json\/wp\/v2\/posts\/38710"}],"collection":[{"href":"https:\/\/jornaldeitaipava.com.br\/index.php\/wp-json\/wp\/v2\/posts"}],"about":[{"href":"https:\/\/jornaldeitaipava.com.br\/index.php\/wp-json\/wp\/v2\/types\/post"}],"author":[{"embeddable":true,"href":"https:\/\/jornaldeitaipava.com.br\/index.php\/wp-json\/wp\/v2\/users\/1"}],"replies":[{"embeddable":true,"href":"https:\/\/jornaldeitaipava.com.br\/index.php\/wp-json\/wp\/v2\/comments?post=38710"}],"version-history":[{"count":1,"href":"https:\/\/jornaldeitaipava.com.br\/index.php\/wp-json\/wp\/v2\/posts\/38710\/revisions"}],"predecessor-version":[{"id":38711,"href":"https:\/\/jornaldeitaipava.com.br\/index.php\/wp-json\/wp\/v2\/posts\/38710\/revisions\/38711"}],"wp:featuredmedia":[{"embeddable":true,"href":"https:\/\/jornaldeitaipava.com.br\/index.php\/wp-json\/wp\/v2\/media\/19600"}],"wp:attachment":[{"href":"https:\/\/jornaldeitaipava.com.br\/index.php\/wp-json\/wp\/v2\/media?parent=38710"}],"wp:term":[{"taxonomy":"category","embeddable":true,"href":"https:\/\/jornaldeitaipava.com.br\/index.php\/wp-json\/wp\/v2\/categories?post=38710"},{"taxonomy":"post_tag","embeddable":true,"href":"https:\/\/jornaldeitaipava.com.br\/index.php\/wp-json\/wp\/v2\/tags?post=38710"}],"curies":[{"name":"wp","href":"https:\/\/api.w.org\/{rel}","templated":true}]}}