{"id":38712,"date":"2024-03-14T10:11:30","date_gmt":"2024-03-14T13:11:30","guid":{"rendered":"http:\/\/jornaldeitaipava.com.br\/?p=38712"},"modified":"2024-03-14T10:11:32","modified_gmt":"2024-03-14T13:11:32","slug":"a-secretaria-de-defesa-civil-tem-novo-titular-rafael-simao","status":"publish","type":"post","link":"https:\/\/jornaldeitaipava.com.br\/index.php\/2024\/03\/14\/a-secretaria-de-defesa-civil-tem-novo-titular-rafael-simao\/","title":{"rendered":"A Secretaria de Defesa Civil tem novo titular: Rafael Sim\u00e3o"},"content":{"rendered":"\n<p>Coronel da reserva do Corpo de Bombeiros, Sim\u00e3o \u00e9 especialista em gest\u00e3o integrada e estrat\u00e9gica de desastres. J\u00e1 comandou o 15\u00ba Grupamento de Bombeiro Militar (Petr\u00f3polis e Tr\u00eas Rios) e esteve \u00e0 frente da Defesa Civil nos mandatos anteriores do prefeito Rubens Bomtempo.<br>Na tarde desta quarta-feira (13), o prefeito Rubens Bomtempo esteve na sede da Defesa Civil, junto com Sim\u00e3o, para apresentar o novo secret\u00e1rio \u00e0 equipe.<br>\u201cSim\u00e3o representa o que temos de melhor no Brasil com rela\u00e7\u00e3o \u00e0 Defesa Civil. Tenho certeza que Petr\u00f3polis est\u00e1 com um secret\u00e1rio \u00e0 altura dos desafios da Defesa Civil\u201d, disse o prefeito Rubens Bomtempo.<br>Sim\u00e3o assume a Secretaria de Defesa Civil interinamente, j\u00e1 que hoje \u00e9 titular da Secretaria de Desenvolvimento Econ\u00f4mico.<br>O prefeito ainda agradeceu a contribui\u00e7\u00e3o do secret\u00e1rio anterior (que pediu para deixar o cargo) e lembrou que Sim\u00e3o, em 2013 (no terceiro governo de Bomtempo), estava \u00e0 frente da pasta quando a Defesa Civil ganhou o status de secretaria (at\u00e9 ent\u00e3o era uma coordenadoria).<br>Outra passagem marcante de Sim\u00e3o pela Defesa Civil foi em 2014, quando Petr\u00f3polis recebeu o certificado de Cidade Resiliente da Organiza\u00e7\u00e3o das Na\u00e7\u00f5es Unidas (ONU).<\/p>\n","protected":false},"excerpt":{"rendered":"<p>Coronel da reserva do Corpo de Bombeiros, Sim\u00e3o \u00e9 especialista em gest\u00e3o integrada e estrat\u00e9gica<\/p>\n","protected":false},"author":1,"featured_media":38713,"comment_status":"closed","ping_status":"open","sticky":false,"template":"","format":"standard","meta":{"spay_email":"","footnotes":"","jetpack_publicize_message":""},"categories":[2],"tags":[],"jetpack_featured_media_url":"https:\/\/i0.wp.com\/jornaldeitaipava.com.br\/wp-content\/uploads\/2024\/03\/simao.jpg?fit=500%2C415&ssl=1","jetpack_publicize_connections":[],"jetpack_sharing_enabled":true,"jetpack_likes_enabled":true,"jetpack-related-posts":[],"_links":{"self":[{"href":"https:\/\/jornaldeitaipava.com.br\/index.php\/wp-json\/wp\/v2\/posts\/38712"}],"collection":[{"href":"https:\/\/jornaldeitaipava.com.br\/index.php\/wp-json\/wp\/v2\/posts"}],"about":[{"href":"https:\/\/jornaldeitaipava.com.br\/index.php\/wp-json\/wp\/v2\/types\/post"}],"author":[{"embeddable":true,"href":"https:\/\/jornaldeitaipava.com.br\/index.php\/wp-json\/wp\/v2\/users\/1"}],"replies":[{"embeddable":true,"href":"https:\/\/jornaldeitaipava.com.br\/index.php\/wp-json\/wp\/v2\/comments?post=38712"}],"version-history":[{"count":1,"href":"https:\/\/jornaldeitaipava.com.br\/index.php\/wp-json\/wp\/v2\/posts\/38712\/revisions"}],"predecessor-version":[{"id":38714,"href":"https:\/\/jornaldeitaipava.com.br\/index.php\/wp-json\/wp\/v2\/posts\/38712\/revisions\/38714"}],"wp:featuredmedia":[{"embeddable":true,"href":"https:\/\/jornaldeitaipava.com.br\/index.php\/wp-json\/wp\/v2\/media\/38713"}],"wp:attachment":[{"href":"https:\/\/jornaldeitaipava.com.br\/index.php\/wp-json\/wp\/v2\/media?parent=38712"}],"wp:term":[{"taxonomy":"category","embeddable":true,"href":"https:\/\/jornaldeitaipava.com.br\/index.php\/wp-json\/wp\/v2\/categories?post=38712"},{"taxonomy":"post_tag","embeddable":true,"href":"https:\/\/jornaldeitaipava.com.br\/index.php\/wp-json\/wp\/v2\/tags?post=38712"}],"curies":[{"name":"wp","href":"https:\/\/api.w.org\/{rel}","templated":true}]}}