{"id":38715,"date":"2024-03-14T10:13:09","date_gmt":"2024-03-14T13:13:09","guid":{"rendered":"http:\/\/jornaldeitaipava.com.br\/?p=38715"},"modified":"2024-03-14T10:13:11","modified_gmt":"2024-03-14T13:13:11","slug":"centro-de-saude-realiza-acao-para-pacientes-pelo-dia-internacional-da-mulher","status":"publish","type":"post","link":"https:\/\/jornaldeitaipava.com.br\/index.php\/2024\/03\/14\/centro-de-saude-realiza-acao-para-pacientes-pelo-dia-internacional-da-mulher\/","title":{"rendered":"Centro de Sa\u00fade realiza a\u00e7\u00e3o para pacientes pelo Dia Internacional da Mulher"},"content":{"rendered":"\n<p>No pr\u00f3ximo dia 23 de mar\u00e7o, em comemora\u00e7\u00e3o ao Dia Internacional da Mulher, o Centro de Sa\u00fade Coletiva se engaja em uma a\u00e7\u00e3o especial, a partir das 9h. Palestras, atendimentos em sa\u00fade, como consultas e exames, al\u00e9m de um caf\u00e9 da manh\u00e3 e distribui\u00e7\u00e3o de brindes para as pacientes, est\u00e3o inclu\u00eddos na programa\u00e7\u00e3o que se estender\u00e1 por todo o dia.<br>&#8220;A a\u00e7\u00e3o planejada em homenagem as mulheres n\u00e3o apenas celebra a import\u00e2ncia de cada uma delas em nossa sociedade, mas tamb\u00e9m reafirma o compromisso do poder p\u00fablico em garantir seu desenvolvimento e qualidade de vida em todos os aspectos\u201d, destaca o prefeito Rubens Bomtempo.<br>O secret\u00e1rio de Sa\u00fade, Marcus Curvelo, ressalta que a Prefeitura est\u00e1 comprometida em proporcionar um atendimento integral \u00e0s mulheres. \u201cNosso objetivo \u00e9 atuar de forma abrangente, abordando n\u00e3o apenas quest\u00f5es de sa\u00fade f\u00edsica, mas tamb\u00e9m promovendo a\u00e7\u00f5es que fortale\u00e7am seu papel na sociedade&#8221;, frisa.<br>A programa\u00e7\u00e3o para o m\u00eas da Mulher continua com o foco na coopera\u00e7\u00e3o e colabora\u00e7\u00e3o de todos os setores da Prefeitura. Todas as secretarias municipais est\u00e3o unidas para fomentar o cuidado das mulheres petropolitanas.<br>A secret\u00e1ria Chefe de Gabinete e presidente do Comdim, Luciane Bomtempo, enfatiza a necessidade de um enfoque amplo nos temas relacionados \u00e0s mulheres. &#8220;\u00c9 importante que todas as \u00e1reas da administra\u00e7\u00e3o p\u00fablica estejam envolvidas, n\u00e3o apenas a Sa\u00fade. Precisamos considerar a mulher em sua totalidade, suas demandas, desafios e potenciais. \u00c9 isso que o governo municipal tem feito&#8221;, disse, afirmando: \u201cDessa forma reafirmamos o compromisso da Prefeitura em garantir para as mulheres o seu desenvolvimento e qualidade de vida em todos os aspectos\u201d.<br>Durante o evento, al\u00e9m de um caf\u00e9 da manh\u00e3 destinado \u00e0s pacientes, ser\u00e3o oferecidas palestras sobre empreendedorismo, viol\u00eancia contra a mulher e autoestima feminina. \u201cAl\u00e9m disso, sem a necessidade de agendamento, haver\u00e1 atendimento em enfermagem ginecol\u00f3gica, eletrocardiograma e mamografia, este \u00faltimo direcionado pela equipe que estar\u00e1 atendendo\u201d, explica a coordenadora do Centro de Sa\u00fade, Amanda Velozo.<\/p>\n","protected":false},"excerpt":{"rendered":"<p>No pr\u00f3ximo dia 23 de mar\u00e7o, em comemora\u00e7\u00e3o ao Dia Internacional da Mulher, o Centro<\/p>\n","protected":false},"author":1,"featured_media":16730,"comment_status":"closed","ping_status":"open","sticky":false,"template":"","format":"standard","meta":{"spay_email":"","footnotes":"","jetpack_publicize_message":""},"categories":[24],"tags":[],"jetpack_featured_media_url":"https:\/\/i0.wp.com\/jornaldeitaipava.com.br\/wp-content\/uploads\/2021\/06\/centro-saude.png?fit=453%2C283&ssl=1","jetpack_publicize_connections":[],"jetpack_sharing_enabled":true,"jetpack_likes_enabled":true,"jetpack-related-posts":[],"_links":{"self":[{"href":"https:\/\/jornaldeitaipava.com.br\/index.php\/wp-json\/wp\/v2\/posts\/38715"}],"collection":[{"href":"https:\/\/jornaldeitaipava.com.br\/index.php\/wp-json\/wp\/v2\/posts"}],"about":[{"href":"https:\/\/jornaldeitaipava.com.br\/index.php\/wp-json\/wp\/v2\/types\/post"}],"author":[{"embeddable":true,"href":"https:\/\/jornaldeitaipava.com.br\/index.php\/wp-json\/wp\/v2\/users\/1"}],"replies":[{"embeddable":true,"href":"https:\/\/jornaldeitaipava.com.br\/index.php\/wp-json\/wp\/v2\/comments?post=38715"}],"version-history":[{"count":1,"href":"https:\/\/jornaldeitaipava.com.br\/index.php\/wp-json\/wp\/v2\/posts\/38715\/revisions"}],"predecessor-version":[{"id":38716,"href":"https:\/\/jornaldeitaipava.com.br\/index.php\/wp-json\/wp\/v2\/posts\/38715\/revisions\/38716"}],"wp:featuredmedia":[{"embeddable":true,"href":"https:\/\/jornaldeitaipava.com.br\/index.php\/wp-json\/wp\/v2\/media\/16730"}],"wp:attachment":[{"href":"https:\/\/jornaldeitaipava.com.br\/index.php\/wp-json\/wp\/v2\/media?parent=38715"}],"wp:term":[{"taxonomy":"category","embeddable":true,"href":"https:\/\/jornaldeitaipava.com.br\/index.php\/wp-json\/wp\/v2\/categories?post=38715"},{"taxonomy":"post_tag","embeddable":true,"href":"https:\/\/jornaldeitaipava.com.br\/index.php\/wp-json\/wp\/v2\/tags?post=38715"}],"curies":[{"name":"wp","href":"https:\/\/api.w.org\/{rel}","templated":true}]}}