{"id":38717,"date":"2024-03-14T10:14:33","date_gmt":"2024-03-14T13:14:33","guid":{"rendered":"http:\/\/jornaldeitaipava.com.br\/?p=38717"},"modified":"2024-03-14T10:14:35","modified_gmt":"2024-03-14T13:14:35","slug":"terminal-do-centro-passa-a-ficar-fechado-das-23h-as-5h","status":"publish","type":"post","link":"https:\/\/jornaldeitaipava.com.br\/index.php\/2024\/03\/14\/terminal-do-centro-passa-a-ficar-fechado-das-23h-as-5h\/","title":{"rendered":"Terminal do Centro passa a ficar fechado das 23h \u00e0s 5h"},"content":{"rendered":"\n<p>Para garantir a melhor manuten\u00e7\u00e3o, limpeza, seguran\u00e7a e um bom funcionamento ao longo do dia do Terminal Rodovi\u00e1rio do Centro (antiga Eril), o espa\u00e7o ficar\u00e1 fechado, diariamente, das 23h \u00e0s 5h. A medida passa a valer a partir desta sexta-feira (15).<br>\u201cEssa medida vai permitir que todos os dias de manh\u00e3, o terminal esteja limpo para atender a popula\u00e7\u00e3o\u201d, disse o prefeito Rubens Bomtempo. \u201cO fechamento vai permitir uma melhor manuten\u00e7\u00e3o, limpeza e seguran\u00e7a do espa\u00e7o para um bom funcionamento ao longo do dia\u201d, acrescentou o prefeito.<br>Com o fechamento no per\u00edodo da madrugada, os \u00f4nibus das linhas que fazem o &#8220;coruj\u00e3o&#8221; far\u00e3o o embarque o desembarque na Rua Doutor Porci\u00fancula (\u00e1rea externa do terminal).<br>\u201cO terminal tem uma necessidade de limpeza di\u00e1ria e o melhor hor\u00e1rio \u00e9 durante a madrugada para que durante o dia, o local esteja em melhores condi\u00e7\u00f5es de receber os passageiros e passageiras\u201d, comentou o presidente da Companhia Petropolitana de Tr\u00e2nsito e Transportes (CPTrans), Thiago Damaceno.<\/p>\n","protected":false},"excerpt":{"rendered":"<p>Para garantir a melhor manuten\u00e7\u00e3o, limpeza, seguran\u00e7a e um bom funcionamento ao longo do dia<\/p>\n","protected":false},"author":1,"featured_media":8339,"comment_status":"closed","ping_status":"open","sticky":false,"template":"","format":"standard","meta":{"spay_email":"","footnotes":"","jetpack_publicize_message":""},"categories":[2],"tags":[],"jetpack_featured_media_url":"https:\/\/i2.wp.com\/jornaldeitaipava.com.br\/wp-content\/uploads\/2021\/01\/terminal.jpg?fit=525%2C275&ssl=1","jetpack_publicize_connections":[],"jetpack_sharing_enabled":true,"jetpack_likes_enabled":true,"jetpack-related-posts":[],"_links":{"self":[{"href":"https:\/\/jornaldeitaipava.com.br\/index.php\/wp-json\/wp\/v2\/posts\/38717"}],"collection":[{"href":"https:\/\/jornaldeitaipava.com.br\/index.php\/wp-json\/wp\/v2\/posts"}],"about":[{"href":"https:\/\/jornaldeitaipava.com.br\/index.php\/wp-json\/wp\/v2\/types\/post"}],"author":[{"embeddable":true,"href":"https:\/\/jornaldeitaipava.com.br\/index.php\/wp-json\/wp\/v2\/users\/1"}],"replies":[{"embeddable":true,"href":"https:\/\/jornaldeitaipava.com.br\/index.php\/wp-json\/wp\/v2\/comments?post=38717"}],"version-history":[{"count":1,"href":"https:\/\/jornaldeitaipava.com.br\/index.php\/wp-json\/wp\/v2\/posts\/38717\/revisions"}],"predecessor-version":[{"id":38718,"href":"https:\/\/jornaldeitaipava.com.br\/index.php\/wp-json\/wp\/v2\/posts\/38717\/revisions\/38718"}],"wp:featuredmedia":[{"embeddable":true,"href":"https:\/\/jornaldeitaipava.com.br\/index.php\/wp-json\/wp\/v2\/media\/8339"}],"wp:attachment":[{"href":"https:\/\/jornaldeitaipava.com.br\/index.php\/wp-json\/wp\/v2\/media?parent=38717"}],"wp:term":[{"taxonomy":"category","embeddable":true,"href":"https:\/\/jornaldeitaipava.com.br\/index.php\/wp-json\/wp\/v2\/categories?post=38717"},{"taxonomy":"post_tag","embeddable":true,"href":"https:\/\/jornaldeitaipava.com.br\/index.php\/wp-json\/wp\/v2\/tags?post=38717"}],"curies":[{"name":"wp","href":"https:\/\/api.w.org\/{rel}","templated":true}]}}