{"id":38719,"date":"2024-03-14T10:16:14","date_gmt":"2024-03-14T13:16:14","guid":{"rendered":"http:\/\/jornaldeitaipava.com.br\/?p=38719"},"modified":"2024-03-14T10:16:15","modified_gmt":"2024-03-14T13:16:15","slug":"prefeitura-anuncia-nova-ubs-no-itamarati-que-contara-com-a-administracao-do-sehac","status":"publish","type":"post","link":"https:\/\/jornaldeitaipava.com.br\/index.php\/2024\/03\/14\/prefeitura-anuncia-nova-ubs-no-itamarati-que-contara-com-a-administracao-do-sehac\/","title":{"rendered":"Prefeitura anuncia nova UBS no Itamarati, que contar\u00e1 com a administra\u00e7\u00e3o do Sehac"},"content":{"rendered":"\n<p class=\"has-text-align-center\"><strong>Unidade B\u00e1sica de Sa\u00fade funcionar\u00e1 no atual Centro de Sa\u00fade do bairro, que passar\u00e1 por uma grande revitaliza\u00e7\u00e3o e amplia\u00e7\u00e3o de servi\u00e7os e atendimentos<\/strong><\/p>\n\n\n\n<p><br>O Centro de Sa\u00fade do Itamarati Jorge Ferreira Machado, agora ser\u00e1 uma Unidade B\u00e1sica de Sa\u00fade (UBS), gerida pelo Servi\u00e7o Social Aut\u00f4nomo Hospital Alcides Carneiro (Sehac), a exemplo da UBS do Bairro da Gl\u00f3ria e da UBS do Carangola. O decreto que concede a administra\u00e7\u00e3o ao Sehac foi assinado pelo prefeito Rubens Bomtempo na manh\u00e3 desta ter\u00e7a-feira (12).<br>\u201cDa mesma forma que temos reconstru\u00eddo o Hospital Alcides Carneiro e montamos duas novas UBS por meio da gest\u00e3o do Sehac, vamos poder oferecer uma unidade de sa\u00fade de alto padr\u00e3o, com maior capacidade de atendimento, mais moderna, humanizada, com equipamentos novos e que, pela sua descentraliza\u00e7\u00e3o, permitir\u00e1 que a popula\u00e7\u00e3o do Itamarati e regi\u00e3o possam contar com todos os servi\u00e7os sem precisar se deslocar grandes dist\u00e2ncias\u201d, declarou o prefeito Rubens Bomtempo.<br>Durante a cerim\u00f4nia, Bomtempo anunciou ainda a amplia\u00e7\u00e3o de atendimentos, inclusive com a oferta de novas especialidades, como cardiologia e endocrinologia, a revitaliza\u00e7\u00e3o do espa\u00e7o, melhorias estruturais, troca de todo o mobili\u00e1rio e a aquisi\u00e7\u00e3o de novos equipamentos.<br>O secret\u00e1rio de Sa\u00fade, Marcus Curvelo, falou sobre a transi\u00e7\u00e3o e as mudan\u00e7as no funcionamento da unidade. \u201cHoje \u00e9 um dia muito feliz porque \u00e9 o primeiro passo de uma grande transforma\u00e7\u00e3o para a popula\u00e7\u00e3o do Itamarati. A nova UBS trar\u00e1 mais efici\u00eancia e conforto para os pacientes da rede p\u00fablica de sa\u00fade, visto que estamos conseguindo recuperar as unidades e ampliar os servi\u00e7os, trabalhando sempre de forma integrada\u201d.<br>\u201cA nova UBS do Itamarati s\u00f3 se tornou poss\u00edvel ao trabalho incans\u00e1vel que a Prefeitura e a Secretaria de Sa\u00fade t\u00eam realizado com o Sehac, possibilitando que essa soma de for\u00e7as se reflita em unidades novas, confort\u00e1veis e, sobretudo, eficazes, garantindo que a popula\u00e7\u00e3o tenha acesso a atendimentos r\u00e1pidos, gratuitos e de qualidade\u201d, afirmou o diretor-presidente do Sehac, Ricardo Patul\u00e9a.<\/p>\n","protected":false},"excerpt":{"rendered":"<p>Unidade B\u00e1sica de Sa\u00fade funcionar\u00e1 no atual Centro de Sa\u00fade do bairro, que passar\u00e1 por<\/p>\n","protected":false},"author":1,"featured_media":10894,"comment_status":"closed","ping_status":"open","sticky":false,"template":"","format":"standard","meta":{"spay_email":"","footnotes":"","jetpack_publicize_message":""},"categories":[2],"tags":[],"jetpack_featured_media_url":"https:\/\/i0.wp.com\/jornaldeitaipava.com.br\/wp-content\/uploads\/2021\/03\/PALACIO-SERGIO-FADEL.jpg?fit=513%2C299&ssl=1","jetpack_publicize_connections":[],"jetpack_sharing_enabled":true,"jetpack_likes_enabled":true,"jetpack-related-posts":[],"_links":{"self":[{"href":"https:\/\/jornaldeitaipava.com.br\/index.php\/wp-json\/wp\/v2\/posts\/38719"}],"collection":[{"href":"https:\/\/jornaldeitaipava.com.br\/index.php\/wp-json\/wp\/v2\/posts"}],"about":[{"href":"https:\/\/jornaldeitaipava.com.br\/index.php\/wp-json\/wp\/v2\/types\/post"}],"author":[{"embeddable":true,"href":"https:\/\/jornaldeitaipava.com.br\/index.php\/wp-json\/wp\/v2\/users\/1"}],"replies":[{"embeddable":true,"href":"https:\/\/jornaldeitaipava.com.br\/index.php\/wp-json\/wp\/v2\/comments?post=38719"}],"version-history":[{"count":1,"href":"https:\/\/jornaldeitaipava.com.br\/index.php\/wp-json\/wp\/v2\/posts\/38719\/revisions"}],"predecessor-version":[{"id":38720,"href":"https:\/\/jornaldeitaipava.com.br\/index.php\/wp-json\/wp\/v2\/posts\/38719\/revisions\/38720"}],"wp:featuredmedia":[{"embeddable":true,"href":"https:\/\/jornaldeitaipava.com.br\/index.php\/wp-json\/wp\/v2\/media\/10894"}],"wp:attachment":[{"href":"https:\/\/jornaldeitaipava.com.br\/index.php\/wp-json\/wp\/v2\/media?parent=38719"}],"wp:term":[{"taxonomy":"category","embeddable":true,"href":"https:\/\/jornaldeitaipava.com.br\/index.php\/wp-json\/wp\/v2\/categories?post=38719"},{"taxonomy":"post_tag","embeddable":true,"href":"https:\/\/jornaldeitaipava.com.br\/index.php\/wp-json\/wp\/v2\/tags?post=38719"}],"curies":[{"name":"wp","href":"https:\/\/api.w.org\/{rel}","templated":true}]}}