{"id":38729,"date":"2024-03-14T11:44:32","date_gmt":"2024-03-14T14:44:32","guid":{"rendered":"http:\/\/jornaldeitaipava.com.br\/?p=38729"},"modified":"2024-03-15T12:09:50","modified_gmt":"2024-03-15T15:09:50","slug":"dengue-abandono-do-parque-cremerie-vira-dor-de-cabeca-para-moradores","status":"publish","type":"post","link":"https:\/\/jornaldeitaipava.com.br\/index.php\/2024\/03\/14\/dengue-abandono-do-parque-cremerie-vira-dor-de-cabeca-para-moradores\/","title":{"rendered":"Dengue: abandono do Parque Cr\u00e9merie vira dor de cabe\u00e7a para moradores"},"content":{"rendered":"\n<p>Em meio a explos\u00e3o no n\u00fameros de casos de dengue na cidade &#8211; que j\u00e1 chegam a mais de mil, com uma morte registrada &#8211; moradores do entorno do Parque Cr\u00e9merie est\u00e3o denunciando uma situa\u00e7\u00e3o de alto risco no local. Segundo eles o abandono em que se e encontra o parque est\u00e1 contribuindo para a forma\u00e7\u00e3o de focos de mosquitos, dentre eles o Aedes Aegypti.<br>Relatos mencionam as duas piscinas existentes &#8211; externa e interna &#8211; que est\u00e3o fora de uso e sem qualquer manuten\u00e7\u00e3o e est\u00e3o com po\u00e7as, assim como os pedalinhos no lago que tamb\u00e9m est\u00e3o acumulando \u00e1gua proveniente das chuvas.<br>&#8220;\u00c9 triste ver que um local t\u00e3o buc\u00f3lico, que tantos petropolitanos nutrem boas lembran\u00e7as hoje se encontra neste estado ca\u00f3tico e ainda servindo para a prolifera\u00e7ao de mosquitos. Estamos com muito medo e usando repelentes em toda a fam\u00edlia para evitar a dengue&#8221;, disse um morador vizinho ao parque.<br>O vereador Eduardo do Blog esteve fiscalizando o Cr\u00e9merie e constatou as den\u00fancias dos moradores. Ele encaminhou \u00e0 prefeitura um of\u00edcio exigindo medidas urgentes de preven\u00e7\u00e3o no local e um refor\u00e7o no combate ao Aedes Aegypti em todo o munic\u00edpio.<br>&#8220;Recebi relatos de pessoas sobre a presen\u00e7a alarmante de mosquitos transmissores de doen\u00e7as como dengue, zika e chikungunya nesta localidade. A gravidade da situa\u00e7\u00e3o exige uma resposta efetiva da Prefeitura a fim de resguardarmos a sa\u00fade da popula\u00e7\u00e3o e contermos poss\u00edveis surtos&#8221;, destacou o Eduardo, manifestando sua preocupa\u00e7\u00e3o com o contexto de aumento acelerado de casos em Petr\u00f3polis.<br><\/p>\n\n\n\n<figure class=\"wp-block-video\"><video controls src=\"http:\/\/jornaldeitaipava.com.br\/wp-content\/uploads\/2024\/03\/WhatsApp-Video-2024-03-12-at-22.15.16.mp4\"><\/video><\/figure>\n\n\n\n<p>Segundo a Prefeitura de Petr\u00f3polis, a Secretaria de Sa\u00fade est\u00e1 intensificando o combate \u00e0 dengue no munic\u00edpio. Agentes comunit\u00e1rios de sa\u00fade tamb\u00e9m est\u00e3o participando das a\u00e7\u00f5es, refor\u00e7ando as informa\u00e7\u00f5es sobre as medidas para evitar a prolifera\u00e7\u00e3o do mosquito e realizando visitas domiciliares. Com base no \u00faltimo Levantamento R\u00e1pido de Infesta\u00e7\u00e3o por Aedes aegypti (LIRAa), a Coordenadoria de Vigil\u00e2ncia Ambiental est\u00e1 retornando \u00e0s regi\u00f5es positivas para notificar e refor\u00e7ar os propriet\u00e1rios de im\u00f3veis onde foram encontradas larvas do mosquito.<\/p>\n","protected":false},"excerpt":{"rendered":"<p>Em meio a explos\u00e3o no n\u00fameros de casos de dengue na cidade &#8211; que j\u00e1<\/p>\n","protected":false},"author":1,"featured_media":38731,"comment_status":"closed","ping_status":"open","sticky":false,"template":"","format":"standard","meta":{"spay_email":"","footnotes":"","jetpack_publicize_message":""},"categories":[2],"tags":[],"jetpack_featured_media_url":"https:\/\/i0.wp.com\/jornaldeitaipava.com.br\/wp-content\/uploads\/2024\/03\/cremerie.png?fit=678%2C368&ssl=1","jetpack_publicize_connections":[],"jetpack_sharing_enabled":true,"jetpack_likes_enabled":true,"jetpack-related-posts":[],"_links":{"self":[{"href":"https:\/\/jornaldeitaipava.com.br\/index.php\/wp-json\/wp\/v2\/posts\/38729"}],"collection":[{"href":"https:\/\/jornaldeitaipava.com.br\/index.php\/wp-json\/wp\/v2\/posts"}],"about":[{"href":"https:\/\/jornaldeitaipava.com.br\/index.php\/wp-json\/wp\/v2\/types\/post"}],"author":[{"embeddable":true,"href":"https:\/\/jornaldeitaipava.com.br\/index.php\/wp-json\/wp\/v2\/users\/1"}],"replies":[{"embeddable":true,"href":"https:\/\/jornaldeitaipava.com.br\/index.php\/wp-json\/wp\/v2\/comments?post=38729"}],"version-history":[{"count":2,"href":"https:\/\/jornaldeitaipava.com.br\/index.php\/wp-json\/wp\/v2\/posts\/38729\/revisions"}],"predecessor-version":[{"id":38742,"href":"https:\/\/jornaldeitaipava.com.br\/index.php\/wp-json\/wp\/v2\/posts\/38729\/revisions\/38742"}],"wp:featuredmedia":[{"embeddable":true,"href":"https:\/\/jornaldeitaipava.com.br\/index.php\/wp-json\/wp\/v2\/media\/38731"}],"wp:attachment":[{"href":"https:\/\/jornaldeitaipava.com.br\/index.php\/wp-json\/wp\/v2\/media?parent=38729"}],"wp:term":[{"taxonomy":"category","embeddable":true,"href":"https:\/\/jornaldeitaipava.com.br\/index.php\/wp-json\/wp\/v2\/categories?post=38729"},{"taxonomy":"post_tag","embeddable":true,"href":"https:\/\/jornaldeitaipava.com.br\/index.php\/wp-json\/wp\/v2\/tags?post=38729"}],"curies":[{"name":"wp","href":"https:\/\/api.w.org\/{rel}","templated":true}]}}