{"id":38735,"date":"2024-03-14T13:36:56","date_gmt":"2024-03-14T16:36:56","guid":{"rendered":"http:\/\/jornaldeitaipava.com.br\/?p=38735"},"modified":"2024-03-14T13:36:58","modified_gmt":"2024-03-14T16:36:58","slug":"flipetropolis-comeca-com-exposicao-a-ceu-aberto-portinari-para-criancas-inedita-no-pais","status":"publish","type":"post","link":"https:\/\/jornaldeitaipava.com.br\/index.php\/2024\/03\/14\/flipetropolis-comeca-com-exposicao-a-ceu-aberto-portinari-para-criancas-inedita-no-pais\/","title":{"rendered":"Flipetr\u00f3polis come\u00e7a com exposi\u00e7\u00e3o a c\u00e9u aberto \u201cPortinari para Crian\u00e7as\u201d, in\u00e9dita no Pa\u00eds"},"content":{"rendered":"\n<p>A primeira edi\u00e7\u00e3o do Flipetr\u00f3polis &#8211; Festival Liter\u00e1rio Internacional de Petr\u00f3polis &#8211; entra em cartaz com a exposi\u00e7\u00e3o educativa &#8220;Portinari Para Crian\u00e7as&#8221;, in\u00e9dita no Pa\u00eds, que traz 42 reprodu\u00e7\u00f5es de obras do pintor Candido Portinari. A exposi\u00e7\u00e3o ser\u00e1 inaugurada dia 18 de mar\u00e7o, segunda-feira, \u00e0s 19h, no Pal\u00e1cio de Cristal (R. Alfredo Pach\u00e1, s\/n \u2013 Centro), com entrada gratuita. A curadoria da exposi\u00e7\u00e3o \u00e9 de Jo\u00e3o Candido Portinari, fundador e diretor-geral do Projeto Portinari e Guilherme de Almeida, coordenador do N\u00facleo de Arte e Educa\u00e7\u00e3o do Projeto Portinari.<\/p>\n\n\n\n<p>O Flipetr\u00f3polis \u00e9 patrocinado pelo Grupo \u00c1guas do Brasil, via Lei Rouanet do Minist\u00e9rio da Cultura, com o apoio da Prefeitura de Petr\u00f3polis.<\/p>\n\n\n\n<p>O Festival vai acontecer entre os dias 1.\u00ba e 5 de maio (quarta-feira a domingo), no Pal\u00e1cio de Cristal e tem como tema \u201cArte, Literatura, Liberdade e Educa\u00e7\u00e3o\u201d. O presidente do festival \u00e9 o jornalista e gestor cultural Afonso Borges, respons\u00e1vel tamb\u00e9m pelo Fliarax\u00e1, Flitabira, Fliparacatu e o projeto &#8220;Sempre um Papo&#8221;, vigente h\u00e1 38 anos. S\u00e3o tamb\u00e9m curadores do Flipetr\u00f3polis os escritores S\u00e9rgio Abranches, Tom Farias e Gustavo Grandinetti.<br>Um dos pontos altos do Festival \u00e9 o Pr\u00eamio de Reda\u00e7\u00e3o e Desenho, que envolve toda a comunidade escolar da regi\u00e3o, premiando, em dinheiro, estudantes entre 4 e 18 anos; e seus professores recebem livros. O motivo principal da exposi\u00e7\u00e3o acontecer agora, dois meses antes do evento, \u00e9 que ela \u00e9 fonte de inspira\u00e7\u00e3o para os alunos redigirem o texto concorrente ao Pr\u00eamio, que tem como tema &#8220;Arte, Literatura e Liberdade&#8221;. Durante todos os dias da exposi\u00e7\u00e3o &#8211; salvo \u00e0s segundas-feiras em que o Pal\u00e1cio de Cristal est\u00e1 fechado &#8211; haver\u00e1 media\u00e7\u00e3o feita educativo do Flipetr\u00f3polis. Podem participar do concurso alunos de escolas p\u00fablicas e privadas de Petr\u00f3polis. Ao todo, s\u00e3o cinco categorias (duas para \u201cdesenho\u201d e tr\u00eas para \u201creda\u00e7\u00e3o\u201d), sendo que cada uma conta com 1.\u00ba, 2.\u00ba e 3.\u00ba lugares. O objetivo do Pr\u00eamio de Reda\u00e7\u00e3o e Desenho \u00e9 revelar novos talentos liter\u00e1rios e incentivar os h\u00e1bitos de leitura, escrita e arte. Mais informa\u00e7\u00f5es, assim como o regulamento do pr\u00eamio, folha de reda\u00e7\u00e3o e desenho e autoriza\u00e7\u00e3o de participa\u00e7\u00e3o podem ser encontradas no site do Festival (www.flipetropolis.com.br). As obras da exposi\u00e7\u00e3o contar\u00e3o com QR Codes para audiodescri\u00e7\u00e3o e Libras.<br>Para o curador da exposi\u00e7\u00e3o &#8220;Portinari para Crian\u00e7as&#8221; Guilherme de Almeida, \u00e9 poss\u00edvel tra\u00e7ar um paralelo entre as obras de Portinari que integram a exposi\u00e7\u00e3o e o Flipetr\u00f3polis. &#8220;Os paralelos entre as duas express\u00f5es art\u00edsticas s\u00e3o not\u00e1veis, especialmente considerando o car\u00e1ter narrativo presente nas obras de Portinari. Assim como um autor cria hist\u00f3rias atrav\u00e9s das palavras, Portinari pintava narrativas visualmente impactantes. As pinturas selecionadas para a exposi\u00e7\u00e3o contam hist\u00f3rias v\u00edvidas da inf\u00e2ncia, repletas de emo\u00e7\u00e3o, desafios e alegria. Da mesma forma, o Festival Liter\u00e1rio busca contar hist\u00f3rias por meio das palavras, criando uma ponte entre a linguagem visual das obras de Portinari e a linguagem liter\u00e1ria. Ambos os eventos celebram a narrativa como uma forma poderosa de transmitir experi\u00eancias e reflex\u00f5es. A exposi\u00e7\u00e3o e o festival convergem na promo\u00e7\u00e3o da narrativa como uma ferramenta essencial para a compreens\u00e3o do mundo, proporcionando aos espectadores e participantes uma experi\u00eancia rica e envolvente que transcende as fronteiras entre as artes visuais e liter\u00e1rias. Portinari era amigo de Manuel Bandeira, Carlos Drummond de Andrade, M\u00e1rio de Andrade, Oswald Andrade, Oleg\u00e1rio Mariano, Manoel Faria, Jorge Amado, Guilherme de Almeida, entre tantos outros&#8221;, lembra o curador.<\/p>\n\n\n\n<p><strong>Exposi\u00e7\u00e3o &#8220;Portinari Para Crian\u00e7as&#8221;<\/strong><\/p>\n\n\n\n<p>Ao todo, 42 totens com as representa\u00e7\u00f5es dos trabalhos do artista comp\u00f5em a exposi\u00e7\u00e3o &#8220;Portinari Para Crian\u00e7as&#8221;. Os trabalhos selecionados trazem crian\u00e7as se divertindo e realizando atividades l\u00fadicas com seus brinquedos, por\u00e9m tamb\u00e9m representa as v\u00e1rias facetas que a inf\u00e2ncia pode ter, representadas por obras que retratam quest\u00f5es sociais e culturais. Guilherme de Almeida que assina a curadoria, junto a Jo\u00e3o Candido Portinari, afirma que &#8220;cada obra escolhida era como uma p\u00e1gina do di\u00e1rio de Portinari, repleta de lembran\u00e7as v\u00edvidas e cores que ressoam com a alma infantil. O desafio foi traduzir n\u00e3o apenas a t\u00e9cnica magistral, mas a ess\u00eancia pura da inf\u00e2ncia que Portinari t\u00e3o habilmente capturava. Foi uma imers\u00e3o no universo m\u00e1gico e atemporal que ele pintou com tanto amor. Foi mais do que uma curadoria; foi um di\u00e1logo com a crian\u00e7a que existe em todos n\u00f3s&#8221;, destaca Guilherme de Almeida.<\/p>\n\n\n\n<p>Neste conjunto de obras, Candido Portinari tamb\u00e9m retrata a densidade psicol\u00f3gica das crian\u00e7as, que n\u00e3o s\u00e3o apenas seres preocupados com brincadeiras, mas tamb\u00e9m observadores do mundo no qual est\u00e3o inseridos. &#8220;Portinari tinha a capacidade \u00fanica de capturar a ess\u00eancia pura e aut\u00eantica da experi\u00eancia infantil. Cada pincelada parece contar uma hist\u00f3ria, transmitindo a inoc\u00eancia, a alegria e, muitas vezes, os desafios enfrentados pelas crian\u00e7as. O olhar atento de Portinari conseguia transcender as telas, convidando-nos a mergulhar nas complexidades e pluralidade das inf\u00e2ncias. Suas obras n\u00e3o s\u00e3o apenas retratos, mas janelas para um mundo onde as crian\u00e7as s\u00e3o protagonistas de suas pr\u00f3prias narrativas, refletindo a diversidade, a vivacidade e a crueldade a que muitas vezes os pequenos s\u00e3o submetidos nesse per\u00edodo t\u00e3o precioso da vida&#8221;, completa Almeida.<\/p>\n\n\n\n<p><strong>A inf\u00e2ncia do pintor<\/strong><\/p>\n\n\n\n<p>Jo\u00e3o Candido Portinari, fundador e diretor-geral do Projeto Portinari, acrescenta que Portinari, j\u00e1 em seus \u00faltimos tempos de vida, escreveu seu di\u00e1rio \u201cRetalhos de Minha Vida de Inf\u00e2ncia\u201d, no qual \u00e9 poss\u00edvel mergulhar no relato de uma inf\u00e2ncia pobre, em um humilde povoado com tr\u00eas ruas, perdido nos imensos cafezais do interior paulista. Pobre, mas feliz, com a companhia de muitos coleguinhas, muitas brincadeiras e confid\u00eancias trocadas. O c\u00e9u estrelado, os pastos, o c\u00f3rrego, os cavalos, o gado, os passarinhos, muita liberdade de ir e vir. &#8220;A fam\u00edlia, reunida depois do jantar, onde todos \u2013 desde o rec\u00e9m-nascido \u00e0 bisav\u00f3 \u2014 se reuniam em conversas intermin\u00e1veis, muitas vezes em meio ao jogo do Bingo, com feij\u00f5es marcando os cart\u00f5es, comandado por D. Dominga, a grande matriarca que punha ordem naquela bagun\u00e7a bendita. Uma inf\u00e2ncia que ele guardou em seu cora\u00e7\u00e3o, e retratou \u2013 em sua alegria e tamb\u00e9m em sua dor \u2013, at\u00e9 o seu \u00faltimo suspiro&#8221;, recorda. Em seu di\u00e1rio, o pr\u00f3prio pintor questiona e, em seguida, responde: &#8220;Por que pinto tanto menino e menina em gangorra e balan\u00e7o? Para bot\u00e1-los no ar, feito anjos&#8221;.<\/p>\n\n\n\n<p>Algumas de suas obras mais importantes, como &#8220;Os Retirantes&#8221;, pintada em 1936, &#8220;Menina Sentada&#8221;, de 1943, e &#8220;Meninos Brincando&#8221;, finalizada em 1955, integram a mostra. H\u00e1 tamb\u00e9m pinturas de membros de sua fam\u00edlia enquanto eram crian\u00e7as, como \u00e9 o caso das pinturas &#8220;Retrato de Jo\u00e3o Candido&#8221;, de 1939, que representa seu filho quando era um beb\u00ea, e &#8220;Denise com o gato&#8221;, de 1960, um retrato da \u00fanica neta que Portinari conheceu.<\/p>\n\n\n\n<p>A exposi\u00e7\u00e3o &#8220;Portinari Para Crian\u00e7as&#8221; tamb\u00e9m se prop\u00f5e a oferecer visitas de escolas, promovendo atividades educativas. Dessa forma, a arte de Portinari pode ser utilizada como ferramenta educacional, visto que o artista nos deixou um legado riqu\u00edssimo, mas n\u00e3o \u201capenas\u201d pict\u00f3rico, pl\u00e1stico. &#8220;Portinari deixou um legado \u00e9tico e humanista, que muito tem a dizer para um mundo hoje t\u00e3o conflagrado pela viol\u00eancia, pela injusti\u00e7a social, pelo desrespeito ao sagrado da vida. Em entrevista, ele declarou: \u201c\u00c9 preciso haver uma mudan\u00e7a. O Homem merece uma exist\u00eancia mais digna. Minha arma \u00e9 a Pintura\u2026&#8221; Sua obra n\u00e3o nos traz apenas linhas, formas, volumes e cores. Ela \u00e9 um grito por valores. Valores de n\u00e3o viol\u00eancia, de fraternidade, de justi\u00e7a social, de respeito ao sagrado da vida&#8221;, explica Jo\u00e3o Candido Portinari.<\/p>\n\n\n\n<p><strong>O Projeto Portinari<\/strong><\/p>\n\n\n\n<p>Fundado em 1979 por Jo\u00e3o Candido Portinari, filho \u00fanico do artista, o Projeto Portinari \u00e9 voltado para a preserva\u00e7\u00e3o da vida e obra do pintor. A institui\u00e7\u00e3o tamb\u00e9m visa a colocar a obra do artista a servi\u00e7o da busca da identidade cultural brasileira e preserva\u00e7\u00e3o da mem\u00f3ria nacional. Al\u00e9m disso, pretende contribuir para uma a\u00e7\u00e3o sociocultural ampla, voltada para melhor compreens\u00e3o do processo hist\u00f3rico-cultural brasileiro.<\/p>\n\n\n\n<p>Nessa perspectiva, o Projeto conta com um levantamento de 5.300 pinturas, desenhos e gravuras atribu\u00eddos ao pintor, assim como de mais de 25 mil documentos sobre sua obra, sua vida e sua \u00e9poca; pesquisa da autenticidade das obras; processamento digital das imagens; organiza\u00e7\u00e3o do arquivo de correspond\u00eancia e do acervo de fotografias hist\u00f3ricas, filmes e recortes de mais de 10 mil peri\u00f3dicos, livros, monografias, textos e memorabilia; registro de mais de 70 depoimentos de artistas, intelectuais, pol\u00edticos, amigos e parentes de Portinari, totalizando mais de 130 horas gravadas; publica\u00e7\u00e3o do Cat\u00e1logo Raisonn\u00e9 \u201cCandido Portinari \u2013 Obra Completa\u201d, primeira publica\u00e7\u00e3o dessa natureza em toda a Am\u00e9rica Latina.<\/p>\n\n\n\n<p><br><strong>Servi\u00e7o:<br><\/strong>Flipetr\u00f3polis apresenta exposi\u00e7\u00e3o educativa \u201cPortinari para Crian\u00e7as\u201d<br>De 18 de mar\u00e7o a 7 de maio, no Pal\u00e1cio de Cristal (R. Alfredo Pach\u00e1, s\/n \u2013 Centro\/Petr\u00f3polis). Entrada gratuita<\/p>\n\n\n\n<p><br><strong>Servi\u00e7o:<br><\/strong>Festival Liter\u00e1rio Internacional de Petr\u00f3polis \u2013 Flipetr\u00f3polis<br>De 1.\u00ba a 5 de maio de 2024, de quarta-feira a domingo<br>Local: Programa\u00e7\u00e3o presencial no Pal\u00e1cio de Cristal (R. Alfredo Pach\u00e1, s\/n \u2013 Centro), e programa\u00e7\u00e3o digital no YouTube, Instagram e Facebook \u2013 @flipetropolis<br>Entrada gratuita<br>Mais informa\u00e7\u00f5es: <a href=\"http:\/\/www.flipetropolis.com.br\">www.flipetropolis.com.br<\/a><\/p>\n","protected":false},"excerpt":{"rendered":"<p>A primeira edi\u00e7\u00e3o do Flipetr\u00f3polis &#8211; Festival Liter\u00e1rio Internacional de Petr\u00f3polis &#8211; entra em cartaz<\/p>\n","protected":false},"author":1,"featured_media":38736,"comment_status":"closed","ping_status":"open","sticky":false,"template":"","format":"standard","meta":{"spay_email":"","footnotes":"","jetpack_publicize_message":""},"categories":[1,24],"tags":[],"jetpack_featured_media_url":"https:\/\/i1.wp.com\/jornaldeitaipava.com.br\/wp-content\/uploads\/2024\/03\/WhatsApp-Image-2024-03-14-at-13.32.57.jpeg?fit=1600%2C1301&ssl=1","jetpack_publicize_connections":[],"jetpack_sharing_enabled":true,"jetpack_likes_enabled":true,"jetpack-related-posts":[],"_links":{"self":[{"href":"https:\/\/jornaldeitaipava.com.br\/index.php\/wp-json\/wp\/v2\/posts\/38735"}],"collection":[{"href":"https:\/\/jornaldeitaipava.com.br\/index.php\/wp-json\/wp\/v2\/posts"}],"about":[{"href":"https:\/\/jornaldeitaipava.com.br\/index.php\/wp-json\/wp\/v2\/types\/post"}],"author":[{"embeddable":true,"href":"https:\/\/jornaldeitaipava.com.br\/index.php\/wp-json\/wp\/v2\/users\/1"}],"replies":[{"embeddable":true,"href":"https:\/\/jornaldeitaipava.com.br\/index.php\/wp-json\/wp\/v2\/comments?post=38735"}],"version-history":[{"count":1,"href":"https:\/\/jornaldeitaipava.com.br\/index.php\/wp-json\/wp\/v2\/posts\/38735\/revisions"}],"predecessor-version":[{"id":38737,"href":"https:\/\/jornaldeitaipava.com.br\/index.php\/wp-json\/wp\/v2\/posts\/38735\/revisions\/38737"}],"wp:featuredmedia":[{"embeddable":true,"href":"https:\/\/jornaldeitaipava.com.br\/index.php\/wp-json\/wp\/v2\/media\/38736"}],"wp:attachment":[{"href":"https:\/\/jornaldeitaipava.com.br\/index.php\/wp-json\/wp\/v2\/media?parent=38735"}],"wp:term":[{"taxonomy":"category","embeddable":true,"href":"https:\/\/jornaldeitaipava.com.br\/index.php\/wp-json\/wp\/v2\/categories?post=38735"},{"taxonomy":"post_tag","embeddable":true,"href":"https:\/\/jornaldeitaipava.com.br\/index.php\/wp-json\/wp\/v2\/tags?post=38735"}],"curies":[{"name":"wp","href":"https:\/\/api.w.org\/{rel}","templated":true}]}}