{"id":38740,"date":"2024-03-15T12:02:58","date_gmt":"2024-03-15T15:02:58","guid":{"rendered":"http:\/\/jornaldeitaipava.com.br\/?p=38740"},"modified":"2024-03-15T12:53:14","modified_gmt":"2024-03-15T15:53:14","slug":"petropolis-comemora-181-anos-de-fundacao-com-shows-missa-e-bolo","status":"publish","type":"post","link":"https:\/\/jornaldeitaipava.com.br\/index.php\/2024\/03\/15\/petropolis-comemora-181-anos-de-fundacao-com-shows-missa-e-bolo\/","title":{"rendered":"Petr\u00f3polis comemora 181 anos de funda\u00e7\u00e3o com shows, missa e bolo"},"content":{"rendered":"\n<p>Os 181 anos de funda\u00e7\u00e3o de Petr\u00f3polis ser\u00e3o comemorados neste s\u00e1bado (16), com uma programa\u00e7\u00e3o especial. Os festejos come\u00e7am \u00e0s 9h com as celebra\u00e7\u00f5es oficiais e na parte da tarde a Pra\u00e7a da Liberdade e o Pal\u00e1cio de Cristal recebem atra\u00e7\u00f5es culturais.<\/p>\n\n\n\n<p>\u201cVai ser um dia n\u00e3o apenas de celebra\u00e7\u00e3o pelos 181 anos da nossa Petr\u00f3polis, mas tamb\u00e9m de um momento de agradecimento. Com muito trabalho e responsabilidade estamos reconstruindo Petr\u00f3polis. Nossa cidade recuperou a capacidade de investimento e se transformou em um canteiro de obras, com avan\u00e7os em todas as \u00e1reas\u201d, disse o prefeito Rubens Bomtempo.<\/p>\n\n\n\n<p>A programa\u00e7\u00e3o come\u00e7a \u00e0s 9h na Catedral S\u00e3o Pedro de Alc\u00e2ntara com a missa de a\u00e7\u00e3o de gra\u00e7as. \u00c0s 10h30 acontece a deposi\u00e7\u00e3o de flores no monumento do Major Julio Frederico Koeler, na Pra\u00e7a Princesa Isabel. \u00c0s 11h30 tem deposi\u00e7\u00e3o de flores no monumento do Imperador Dom Pedro II, na Pra\u00e7a Dom Pedro, logo ap\u00f3s o corte do bolo pelos 181 anos de Petr\u00f3polis.<\/p>\n\n\n\n<p>Na Pra\u00e7a da Liberdade acontece \u00e0s 16h, Petr\u00f3polis em Adora\u00e7\u00e3o e \u00e0s 18h, o show gospel de Samuel Messias, Bruna Olly e Tiago Menezes. No Pal\u00e1cio de Cristal tem apresenta\u00e7\u00e3o de chorinho Mano a Mano, \u00e0s 17h. Tamb\u00e9m acontecem oficinas de pintura e de arcos floridos no Museu Casa do Colono, \u00e0s 9h e 11h, respectivamente. Toda a programa\u00e7\u00e3o \u00e9 gratuita.<\/p>\n\n\n\n<p><strong>Confira a programa\u00e7\u00e3o do anivers\u00e1rio de 181 anos de Petr\u00f3polis<\/strong><\/p>\n\n\n\n<p>15\/03 \u2013 Sexta-feira<br>Centro de Cultura Raul de Leoni<br>18h &#8211; Exposi\u00e7\u00e3o do Atelier Aberto &#8220;Pra n\u00e3o dizer que n\u00e3o falei das flores*<br>18h30 &#8211; Abertura da exposi\u00e7\u00e3o Profiss\u00e3o Artista e homenagem a Nelson Ricardo<\/p>\n\n\n\n<p>16\/03 \u2013 S\u00e1bado<br>Catedral de S\u00e3o Pedro de Alc\u00e2ntara<br>9h &#8211; Missa em A\u00e7\u00e3o de Gra\u00e7as pelo anivers\u00e1rio de 181 anos de funda\u00e7\u00e3o de Petr\u00f3polis<\/p>\n\n\n\n<p>Pra\u00e7a Princesa Isabel<br>10h30 \u2013 Deposi\u00e7\u00e3o de coroa de flores no monumento do Major J\u00falio Frederico Koeler<\/p>\n\n\n\n<p>Pra\u00e7a Dom Pedro<br>11h30 &#8211; Deposi\u00e7\u00e3o de coroa de flores no monumento do Imperador Dom Pedro II, em homenagem ao primeiro empreendedor da cidade<br>Premia\u00e7\u00e3o do Concurso de Fotografias Mois\u00e9s Pregal &#8211; Nosso Bairro, Nosso Olhar<br>Corte do bolo de anivers\u00e1rio dos 181 anos de Petr\u00f3polis<br>Participa\u00e7\u00e3o da Banda do 32\u00ba Batalh\u00e3o de Infantaria Leve de Montanha &#8211; Dom Pedro II<\/p>\n\n\n\n<p>Pra\u00e7a da Liberdade<br>11h30 &#8211; Apresenta\u00e7\u00e3o circense Malabaguita<br>16h \u2013 Petr\u00f3polis em Adora\u00e7\u00e3o<br>18h \u2013 Show com Samuel Messias, Bruna Olly e Tiago Menezes<\/p>\n\n\n\n<p>Pal\u00e1cio de Cristal<br>17h \u2013 Chorinho com Mano a Mano<\/p>\n\n\n\n<p>Museu Casa do Colono<br>9h \u2013 Oficina de Pintura<br>11h \u2013 Oficina de Arcos Floridos<\/p>\n\n\n\n<p>20\/03 \u2013 Quarta-Feira<br>Pal\u00e1cio de Cristal<\/p>\n","protected":false},"excerpt":{"rendered":"<p>Os 181 anos de funda\u00e7\u00e3o de Petr\u00f3polis ser\u00e3o comemorados neste s\u00e1bado (16), com uma programa\u00e7\u00e3o<\/p>\n","protected":false},"author":1,"featured_media":13745,"comment_status":"closed","ping_status":"open","sticky":false,"template":"","format":"standard","meta":{"spay_email":"","footnotes":"","jetpack_publicize_message":""},"categories":[24],"tags":[],"jetpack_featured_media_url":"https:\/\/i0.wp.com\/jornaldeitaipava.com.br\/wp-content\/uploads\/2021\/04\/cidade-aerea-1.jpg?fit=279%2C180&ssl=1","jetpack_publicize_connections":[],"jetpack_sharing_enabled":true,"jetpack_likes_enabled":true,"jetpack-related-posts":[],"_links":{"self":[{"href":"https:\/\/jornaldeitaipava.com.br\/index.php\/wp-json\/wp\/v2\/posts\/38740"}],"collection":[{"href":"https:\/\/jornaldeitaipava.com.br\/index.php\/wp-json\/wp\/v2\/posts"}],"about":[{"href":"https:\/\/jornaldeitaipava.com.br\/index.php\/wp-json\/wp\/v2\/types\/post"}],"author":[{"embeddable":true,"href":"https:\/\/jornaldeitaipava.com.br\/index.php\/wp-json\/wp\/v2\/users\/1"}],"replies":[{"embeddable":true,"href":"https:\/\/jornaldeitaipava.com.br\/index.php\/wp-json\/wp\/v2\/comments?post=38740"}],"version-history":[{"count":2,"href":"https:\/\/jornaldeitaipava.com.br\/index.php\/wp-json\/wp\/v2\/posts\/38740\/revisions"}],"predecessor-version":[{"id":38743,"href":"https:\/\/jornaldeitaipava.com.br\/index.php\/wp-json\/wp\/v2\/posts\/38740\/revisions\/38743"}],"wp:featuredmedia":[{"embeddable":true,"href":"https:\/\/jornaldeitaipava.com.br\/index.php\/wp-json\/wp\/v2\/media\/13745"}],"wp:attachment":[{"href":"https:\/\/jornaldeitaipava.com.br\/index.php\/wp-json\/wp\/v2\/media?parent=38740"}],"wp:term":[{"taxonomy":"category","embeddable":true,"href":"https:\/\/jornaldeitaipava.com.br\/index.php\/wp-json\/wp\/v2\/categories?post=38740"},{"taxonomy":"post_tag","embeddable":true,"href":"https:\/\/jornaldeitaipava.com.br\/index.php\/wp-json\/wp\/v2\/tags?post=38740"}],"curies":[{"name":"wp","href":"https:\/\/api.w.org\/{rel}","templated":true}]}}