{"id":38744,"date":"2024-03-15T13:32:41","date_gmt":"2024-03-15T16:32:41","guid":{"rendered":"http:\/\/jornaldeitaipava.com.br\/?p=38744"},"modified":"2024-03-20T13:28:07","modified_gmt":"2024-03-20T16:28:07","slug":"prazo-de-entrega-da-declaracao-do-imposto-de-renda-comeca-nesta-sexta","status":"publish","type":"post","link":"https:\/\/jornaldeitaipava.com.br\/index.php\/2024\/03\/15\/prazo-de-entrega-da-declaracao-do-imposto-de-renda-comeca-nesta-sexta\/","title":{"rendered":"Prazo para entrega da Declara\u00e7\u00e3o do Imposto de Renda j\u00e1 come\u00e7ou"},"content":{"rendered":"\n<p>Os contribuintes iniciaram, \u00e0s 8h da \u00faltima sexta-feira (15), o acerto anual de contas com o Le\u00e3o, com a entrega da Declara\u00e7\u00e3o do Imposto de Renda Pessoa F\u00edsica 2024 (ano-base 2023). Neste ano, a Receita Federal espera receber 43 milh\u00f5es de declara\u00e7\u00f5es, contra 41.151.515 entregues no ano passado.<br>O download do programa gerador come\u00e7ou na \u00faltima ter\u00e7a-feira (12) para os contribuintes com conta prata ou ouro no Portal Gov.br. No entanto, mesmo quem baixou o programa e preencheu os formul\u00e1rios com anteced\u00eancia s\u00f3 pode transmitir a declara\u00e7\u00e3o a partir desta sexta.<br>A declara\u00e7\u00e3o deste ano tem uma s\u00e9rie de mudan\u00e7as em rela\u00e7\u00e3o \u00e0 do ano passado. Por causa da eleva\u00e7\u00e3o do limite m\u00e1ximo de isen\u00e7\u00e3o do Imposto de Renda, o valor de rendimento tribut\u00e1vel anual que obriga o contribuinte a fazer a declara\u00e7\u00e3o subiu para R$ 30.639,90.<br>Os valores relativos ao patrim\u00f4nio m\u00ednimo e \u00e0 renda de atividade rural, isenta e n\u00e3o tributada tamb\u00e9m aumentaram. Em contrapartida, os valores de dedu\u00e7\u00e3o n\u00e3o mudaram. A lei que taxou as offshores e os fundos exclusivos tamb\u00e9m introduziu novas obriga\u00e7\u00f5es para declarar o Imposto de Renda. Os bens abrangidos pela lei, bem como suas atualiza\u00e7\u00f5es, precisam ser declarados.<br>O prazo de entrega vai at\u00e9 31 de maio, \u00e0s 23h59min59s. Quem perder o prazo pagar\u00e1 multa de 1% sobre o imposto devido, com valor m\u00ednimo de R$ 165,74, ou 20% do imposto devido, prevalecendo o maior valor.<\/p>\n\n\n<div class=\"wp-block-image\">\n<figure class=\"aligncenter size-large is-resized\"><img loading=\"lazy\" decoding=\"async\" width=\"415\" height=\"1024\" data-attachment-id=\"38745\" data-permalink=\"https:\/\/jornaldeitaipava.com.br\/index.php\/2024\/03\/15\/prazo-de-entrega-da-declaracao-do-imposto-de-renda-comeca-nesta-sexta\/ir-8\/\" data-orig-file=\"https:\/\/i2.wp.com\/jornaldeitaipava.com.br\/wp-content\/uploads\/2024\/03\/IR.png?fit=754%2C1862&amp;ssl=1\" data-orig-size=\"754,1862\" data-comments-opened=\"0\" data-image-meta=\"{&quot;aperture&quot;:&quot;0&quot;,&quot;credit&quot;:&quot;&quot;,&quot;camera&quot;:&quot;&quot;,&quot;caption&quot;:&quot;&quot;,&quot;created_timestamp&quot;:&quot;0&quot;,&quot;copyright&quot;:&quot;&quot;,&quot;focal_length&quot;:&quot;0&quot;,&quot;iso&quot;:&quot;0&quot;,&quot;shutter_speed&quot;:&quot;0&quot;,&quot;title&quot;:&quot;&quot;,&quot;orientation&quot;:&quot;0&quot;}\" data-image-title=\"IR\" data-image-description=\"\" data-medium-file=\"https:\/\/i2.wp.com\/jornaldeitaipava.com.br\/wp-content\/uploads\/2024\/03\/IR.png?fit=121%2C300&amp;ssl=1\" data-large-file=\"https:\/\/i2.wp.com\/jornaldeitaipava.com.br\/wp-content\/uploads\/2024\/03\/IR.png?fit=415%2C1024&amp;ssl=1\" src=\"https:\/\/i2.wp.com\/jornaldeitaipava.com.br\/wp-content\/uploads\/2024\/03\/IR.png?resize=415%2C1024\" alt=\"\" class=\"wp-image-38745\" style=\"width:608px;height:auto\" srcset=\"https:\/\/i2.wp.com\/jornaldeitaipava.com.br\/wp-content\/uploads\/2024\/03\/IR.png?resize=415%2C1024&amp;ssl=1 415w, https:\/\/i2.wp.com\/jornaldeitaipava.com.br\/wp-content\/uploads\/2024\/03\/IR.png?resize=121%2C300&amp;ssl=1 121w, https:\/\/i2.wp.com\/jornaldeitaipava.com.br\/wp-content\/uploads\/2024\/03\/IR.png?resize=622%2C1536&amp;ssl=1 622w, https:\/\/i2.wp.com\/jornaldeitaipava.com.br\/wp-content\/uploads\/2024\/03\/IR.png?w=754&amp;ssl=1 754w\" sizes=\"(max-width: 415px) 100vw, 415px\" data-recalc-dims=\"1\" \/><\/figure><\/div>\n\n\n<p>Da Ag\u00eancia Brasil<\/p>\n","protected":false},"excerpt":{"rendered":"<p>Os contribuintes iniciaram, \u00e0s 8h da \u00faltima sexta-feira (15), o acerto anual de contas com<\/p>\n","protected":false},"author":1,"featured_media":33912,"comment_status":"closed","ping_status":"open","sticky":false,"template":"","format":"standard","meta":{"spay_email":"","footnotes":"","jetpack_publicize_message":""},"categories":[24,9],"tags":[],"jetpack_featured_media_url":"https:\/\/i0.wp.com\/jornaldeitaipava.com.br\/wp-content\/uploads\/2023\/03\/imposto-de-renda_mcamgo_abr_030320221818-4.jpg?fit=658%2C465&ssl=1","jetpack_publicize_connections":[],"jetpack_sharing_enabled":true,"jetpack_likes_enabled":true,"jetpack-related-posts":[],"_links":{"self":[{"href":"https:\/\/jornaldeitaipava.com.br\/index.php\/wp-json\/wp\/v2\/posts\/38744"}],"collection":[{"href":"https:\/\/jornaldeitaipava.com.br\/index.php\/wp-json\/wp\/v2\/posts"}],"about":[{"href":"https:\/\/jornaldeitaipava.com.br\/index.php\/wp-json\/wp\/v2\/types\/post"}],"author":[{"embeddable":true,"href":"https:\/\/jornaldeitaipava.com.br\/index.php\/wp-json\/wp\/v2\/users\/1"}],"replies":[{"embeddable":true,"href":"https:\/\/jornaldeitaipava.com.br\/index.php\/wp-json\/wp\/v2\/comments?post=38744"}],"version-history":[{"count":3,"href":"https:\/\/jornaldeitaipava.com.br\/index.php\/wp-json\/wp\/v2\/posts\/38744\/revisions"}],"predecessor-version":[{"id":38808,"href":"https:\/\/jornaldeitaipava.com.br\/index.php\/wp-json\/wp\/v2\/posts\/38744\/revisions\/38808"}],"wp:featuredmedia":[{"embeddable":true,"href":"https:\/\/jornaldeitaipava.com.br\/index.php\/wp-json\/wp\/v2\/media\/33912"}],"wp:attachment":[{"href":"https:\/\/jornaldeitaipava.com.br\/index.php\/wp-json\/wp\/v2\/media?parent=38744"}],"wp:term":[{"taxonomy":"category","embeddable":true,"href":"https:\/\/jornaldeitaipava.com.br\/index.php\/wp-json\/wp\/v2\/categories?post=38744"},{"taxonomy":"post_tag","embeddable":true,"href":"https:\/\/jornaldeitaipava.com.br\/index.php\/wp-json\/wp\/v2\/tags?post=38744"}],"curies":[{"name":"wp","href":"https:\/\/api.w.org\/{rel}","templated":true}]}}