{"id":38747,"date":"2024-03-15T13:33:47","date_gmt":"2024-03-15T16:33:47","guid":{"rendered":"http:\/\/jornaldeitaipava.com.br\/?p=38747"},"modified":"2024-03-15T13:33:50","modified_gmt":"2024-03-15T16:33:50","slug":"petropolis-registra-a-segunda-morte-por-dengue","status":"publish","type":"post","link":"https:\/\/jornaldeitaipava.com.br\/index.php\/2024\/03\/15\/petropolis-registra-a-segunda-morte-por-dengue\/","title":{"rendered":"Petr\u00f3polis registra a segunda morte por dengue"},"content":{"rendered":"\n<p>A Secretaria de Sa\u00fade confirmou o segundo \u00f3bito por dengue no munic\u00edpio ap\u00f3s a conclus\u00e3o da investiga\u00e7\u00e3o feita pela Vigil\u00e2ncia Epidemiol\u00f3gica. Trata-se de uma paciente idosa, de 93 anos, que faleceu no \u00faltimo dia 23 de fevereiro. A causa da morte foi confirmada ap\u00f3s a libera\u00e7\u00e3o de exames realizados no LACEN-RJ (Laborat\u00f3rio Central Noel Nutels). A Prefeitura se solidariza com a fam\u00edlia pela perda.<br>At\u00e9 o final desta quinta (14), a Secretaria de Sa\u00fade confirmou 1.087 caso de dengue este ano e dois \u00f3bitos pela doen\u00e7a.<br>Em reuni\u00e3o nesta quinta (14), o Comit\u00ea Intersetorial de Enfrentamento \u00e0s Arboviroses, da Prefeitura determinou a cria\u00e7\u00e3o de um Grupo de Trabalho (GT) envolvendo diversas secretarias de Governo para definir as a\u00e7\u00f5es de vistorias em im\u00f3veis fechados onde h\u00e1 suspeita de focos do mosquito Aedes aegypti.<br>O GT For\u00e7a Tarefa Dengue contar\u00e1 com representantes dos seguintes setores: DEVISA, COVISA, COVIAMB, SSOP, COMDEP, Secretaria de Defesa Civil, Gabinete da Secretaria de Sa\u00fade, Secretaria de Assist\u00eancia Social e Meio Ambiente.<br>O secret\u00e1rio de Sa\u00fade, Marcus Curvelo, ressaltou que, com o decreto de Emerg\u00eancia em Sa\u00fade, os agentes p\u00fablicos ter\u00e3o respaldo para agir em situa\u00e7\u00f5es em que os agentes de endemias encontrem resist\u00eancia ou dificuldade de acesso aos im\u00f3veis.<br>\u201cO prefeito est\u00e1 acompanhando todas as quest\u00f5es e a\u00e7\u00f5es de combate a dengue em nosso munic\u00edpio e cobrando o empenho de todos. Mas \u00e9 preciso ressaltar a import\u00e2ncia da participa\u00e7\u00e3o de toda a sociedade, adotando a pr\u00e1tica dos 10 minutos semanais para eliminar os criadouros. S\u00f3 assim poderemos ficar livre dessa doen\u00e7a\u201d, disse Curvelo.<\/p>\n","protected":false},"excerpt":{"rendered":"<p>A Secretaria de Sa\u00fade confirmou o segundo \u00f3bito por dengue no munic\u00edpio ap\u00f3s a conclus\u00e3o<\/p>\n","protected":false},"author":1,"featured_media":36824,"comment_status":"closed","ping_status":"open","sticky":false,"template":"","format":"standard","meta":{"spay_email":"","footnotes":"","jetpack_publicize_message":""},"categories":[2],"tags":[],"jetpack_featured_media_url":"https:\/\/i1.wp.com\/jornaldeitaipava.com.br\/wp-content\/uploads\/2023\/10\/dengue.jpeg?fit=1200%2C801&ssl=1","jetpack_publicize_connections":[],"jetpack_sharing_enabled":true,"jetpack_likes_enabled":true,"jetpack-related-posts":[],"_links":{"self":[{"href":"https:\/\/jornaldeitaipava.com.br\/index.php\/wp-json\/wp\/v2\/posts\/38747"}],"collection":[{"href":"https:\/\/jornaldeitaipava.com.br\/index.php\/wp-json\/wp\/v2\/posts"}],"about":[{"href":"https:\/\/jornaldeitaipava.com.br\/index.php\/wp-json\/wp\/v2\/types\/post"}],"author":[{"embeddable":true,"href":"https:\/\/jornaldeitaipava.com.br\/index.php\/wp-json\/wp\/v2\/users\/1"}],"replies":[{"embeddable":true,"href":"https:\/\/jornaldeitaipava.com.br\/index.php\/wp-json\/wp\/v2\/comments?post=38747"}],"version-history":[{"count":1,"href":"https:\/\/jornaldeitaipava.com.br\/index.php\/wp-json\/wp\/v2\/posts\/38747\/revisions"}],"predecessor-version":[{"id":38748,"href":"https:\/\/jornaldeitaipava.com.br\/index.php\/wp-json\/wp\/v2\/posts\/38747\/revisions\/38748"}],"wp:featuredmedia":[{"embeddable":true,"href":"https:\/\/jornaldeitaipava.com.br\/index.php\/wp-json\/wp\/v2\/media\/36824"}],"wp:attachment":[{"href":"https:\/\/jornaldeitaipava.com.br\/index.php\/wp-json\/wp\/v2\/media?parent=38747"}],"wp:term":[{"taxonomy":"category","embeddable":true,"href":"https:\/\/jornaldeitaipava.com.br\/index.php\/wp-json\/wp\/v2\/categories?post=38747"},{"taxonomy":"post_tag","embeddable":true,"href":"https:\/\/jornaldeitaipava.com.br\/index.php\/wp-json\/wp\/v2\/tags?post=38747"}],"curies":[{"name":"wp","href":"https:\/\/api.w.org\/{rel}","templated":true}]}}