{"id":38751,"date":"2024-03-18T19:44:45","date_gmt":"2024-03-18T22:44:45","guid":{"rendered":"http:\/\/jornaldeitaipava.com.br\/?p=38751"},"modified":"2024-03-18T19:44:48","modified_gmt":"2024-03-18T22:44:48","slug":"prefeito-se-reune-com-sindicato-dos-rodoviarios","status":"publish","type":"post","link":"https:\/\/jornaldeitaipava.com.br\/index.php\/2024\/03\/18\/prefeito-se-reune-com-sindicato-dos-rodoviarios\/","title":{"rendered":"Prefeito se re\u00fane com Sindicato dos Rodovi\u00e1rios"},"content":{"rendered":"\n<p class=\"has-text-align-center\"><strong>Esta foi a quarta reuni\u00e3o com a categoria em 20 dias<\/strong><\/p>\n\n\n\n<p><br>Realiza\u00e7\u00e3o da licita\u00e7\u00e3o das linhas da Via\u00e7\u00e3o Cascatinha, garantia da contrata\u00e7\u00e3o dos trabalhadores pelas novas empresas e a cria\u00e7\u00e3o de um fundo garantidor para o pagamento das indeniza\u00e7\u00f5es trabalhistas foram os temas debatidos na quarta reuni\u00e3o entre o prefeito Rubens Bomtempo e representantes do Sindicato dos Trabalhadores em Transportes Rodovi\u00e1rios de Petr\u00f3polis.<br>O encontro aconteceu na manh\u00e3 desta segunda-feira (18) e contou tamb\u00e9m com a presen\u00e7a do vice-prefeito Paulo Mustrangi e o presidente da Companhia Petropolitana de Tr\u00e2nsito e Transportes (CPTrans), Thiago Damaceno.<br>\u201cTemos nos reunido com frequ\u00eancia com os rodovi\u00e1rios, mantendo o di\u00e1logo aberto com a categoria\u201d, disse o prefeito Rubens Bomtempo. \u201cVamos colocar a licita\u00e7\u00e3o das linhas da Cascatinha na rua e aliado a isso, garantindo a contrata\u00e7\u00e3o dos rodovi\u00e1rios pelas empresas que estiverem operando em substitui\u00e7\u00e3o a empresa Cascatinha, caso seja decidido pelo TJ\u201d, ressaltou o prefeito.<br>O presidente do sindicato, Glauco da Costa, agradeceu o prefeito e toda equipe da Prefeitura pelas reuni\u00f5es e abertura do di\u00e1logo. \u201cO prefeito est\u00e1 sempre nos atendendo, esta \u00e9 a quarta reuni\u00e3o e estamos avan\u00e7ando nessas quest\u00f5es. O prefeito est\u00e1 nos ajudando para que as empresas que ir\u00e3o assumir as linhas da Cascatinha mantenham os empregos dos rodovi\u00e1rios e tamb\u00e9m na quest\u00e3o das verbas rescis\u00f3rias\u201d, comentou o sindicalista.<\/p>\n","protected":false},"excerpt":{"rendered":"<p>Esta foi a quarta reuni\u00e3o com a categoria em 20 dias Realiza\u00e7\u00e3o da licita\u00e7\u00e3o das<\/p>\n","protected":false},"author":1,"featured_media":27961,"comment_status":"closed","ping_status":"open","sticky":false,"template":"","format":"standard","meta":{"spay_email":"","footnotes":"","jetpack_publicize_message":""},"categories":[24],"tags":[],"jetpack_featured_media_url":"https:\/\/i1.wp.com\/jornaldeitaipava.com.br\/wp-content\/uploads\/2022\/05\/CASCATA.jpg?fit=1280%2C853&ssl=1","jetpack_publicize_connections":[],"jetpack_sharing_enabled":true,"jetpack_likes_enabled":true,"jetpack-related-posts":[],"_links":{"self":[{"href":"https:\/\/jornaldeitaipava.com.br\/index.php\/wp-json\/wp\/v2\/posts\/38751"}],"collection":[{"href":"https:\/\/jornaldeitaipava.com.br\/index.php\/wp-json\/wp\/v2\/posts"}],"about":[{"href":"https:\/\/jornaldeitaipava.com.br\/index.php\/wp-json\/wp\/v2\/types\/post"}],"author":[{"embeddable":true,"href":"https:\/\/jornaldeitaipava.com.br\/index.php\/wp-json\/wp\/v2\/users\/1"}],"replies":[{"embeddable":true,"href":"https:\/\/jornaldeitaipava.com.br\/index.php\/wp-json\/wp\/v2\/comments?post=38751"}],"version-history":[{"count":1,"href":"https:\/\/jornaldeitaipava.com.br\/index.php\/wp-json\/wp\/v2\/posts\/38751\/revisions"}],"predecessor-version":[{"id":38752,"href":"https:\/\/jornaldeitaipava.com.br\/index.php\/wp-json\/wp\/v2\/posts\/38751\/revisions\/38752"}],"wp:featuredmedia":[{"embeddable":true,"href":"https:\/\/jornaldeitaipava.com.br\/index.php\/wp-json\/wp\/v2\/media\/27961"}],"wp:attachment":[{"href":"https:\/\/jornaldeitaipava.com.br\/index.php\/wp-json\/wp\/v2\/media?parent=38751"}],"wp:term":[{"taxonomy":"category","embeddable":true,"href":"https:\/\/jornaldeitaipava.com.br\/index.php\/wp-json\/wp\/v2\/categories?post=38751"},{"taxonomy":"post_tag","embeddable":true,"href":"https:\/\/jornaldeitaipava.com.br\/index.php\/wp-json\/wp\/v2\/tags?post=38751"}],"curies":[{"name":"wp","href":"https:\/\/api.w.org\/{rel}","templated":true}]}}