{"id":38755,"date":"2024-03-18T19:49:18","date_gmt":"2024-03-18T22:49:18","guid":{"rendered":"http:\/\/jornaldeitaipava.com.br\/?p=38755"},"modified":"2024-03-18T19:49:20","modified_gmt":"2024-03-18T22:49:20","slug":"petropolis-e-destaque-no-estado-na-cobertura-de-vacinacao-infantil-contra-a-covid-19","status":"publish","type":"post","link":"https:\/\/jornaldeitaipava.com.br\/index.php\/2024\/03\/18\/petropolis-e-destaque-no-estado-na-cobertura-de-vacinacao-infantil-contra-a-covid-19\/","title":{"rendered":"Petr\u00f3polis \u00e9 destaque no Estado na cobertura de vacina\u00e7\u00e3o infantil contra a covid-19"},"content":{"rendered":"\n<p class=\"has-text-align-center\"><strong>A partir de segunda-feira (18), a vacina\u00e7\u00e3o para crian\u00e7as entre seis meses e quatro anos \u00e9 retomada<\/strong><\/p>\n\n\n\n<p><br>Petr\u00f3polis \u00e9 destaque na cobertura vacinal contra a covid-19 na Regi\u00e3o Serrana e no Estado. Em crian\u00e7as com idades entre seis meses e quatro anos, onze meses e vinte e nove dias, a faixa de cobertura \u00e9 de 6,89% (considerando o esquema completo de tr\u00eas doses). Com rela\u00e7\u00e3o as que tomaram as duas primeiras doses, a cobertura chega a 21,14%. Petr\u00f3polis \u00e9 a terceira cidade com maior cobertura vacinal na Regi\u00e3o Serrana e est\u00e1 na d\u00e9cima posi\u00e7\u00e3o no Estado.<br>Munic\u00edpios como Cantagalo e Trajano de Moraes, por exemplo, t\u00eam 5,35% e 5,89% de cobertura vacinal (considerando o esquema completo de tr\u00eas doses), respectivamente. &#8220;O avan\u00e7o na vacina\u00e7\u00e3o infantil \u00e9 um reflexo do esfor\u00e7o conjunto de sociedade e do poder p\u00fablico. Proteger nossas crian\u00e7as \u00e9 uma prioridade&#8221;, afirmou o prefeito Rubens Bomtempo.<br>De acordo com o vacin\u00f4metro do Minist\u00e9rio da Sa\u00fade, a expectativa \u00e9 de imunizar 14.126 crian\u00e7as nessa faixa et\u00e1ria em Petr\u00f3polis. &#8220;Cada dose aplicada representa um passo significativo na dire\u00e7\u00e3o de um futuro mais seguro para nossa cidade. Continuaremos empenhados em ampliar a cobertura vacinal em todas as faixas et\u00e1rias&#8221;, destacou o secret\u00e1rio de Sa\u00fade, Marcos Curvelo.<br>A partir desta segunda-feira (18), a aplica\u00e7\u00e3o das doses da vacina contra a covid-19 ser\u00e1 retomada na cidade na faixa et\u00e1ria para as crian\u00e7as com idades entre seis meses e quatro anos, onze meses e vinte e nove dias. A vacina\u00e7\u00e3o acontecer\u00e1 no Centro de Sa\u00fade Coletiva, na Rua Santos Dumont, no Centro da Cidade e na Unidade B\u00e1sica de Sa\u00fade (UBS) de Itaipava (Estrada Philuvio Cerqueira Rodrigues, pr\u00f3ximo ao Terminal de Itaipava).<br>&#8220;Nosso objetivo \u00e9 alcan\u00e7ar o maior n\u00famero poss\u00edvel de crian\u00e7as e garantir a prote\u00e7\u00e3o coletiva. \u00c9 fundamental que os respons\u00e1veis levem seus filhos e filhas para receberem as doses, contribuindo assim para o controle da doen\u00e7a em nossa cidade&#8221;, ressaltou Thayene Varella, chefe da Divis\u00e3o de Imuniza\u00e7\u00e3o da Secretaria de Sa\u00fade.<\/p>\n","protected":false},"excerpt":{"rendered":"<p>A partir de segunda-feira (18), a vacina\u00e7\u00e3o para crian\u00e7as entre seis meses e quatro anos<\/p>\n","protected":false},"author":1,"featured_media":20670,"comment_status":"closed","ping_status":"open","sticky":false,"template":"","format":"standard","meta":{"spay_email":"","footnotes":"","jetpack_publicize_message":""},"categories":[2],"tags":[],"jetpack_featured_media_url":"https:\/\/i2.wp.com\/jornaldeitaipava.com.br\/wp-content\/uploads\/2021\/10\/multivacinacao.png?fit=1170%2C700&ssl=1","jetpack_publicize_connections":[],"jetpack_sharing_enabled":true,"jetpack_likes_enabled":true,"jetpack-related-posts":[],"_links":{"self":[{"href":"https:\/\/jornaldeitaipava.com.br\/index.php\/wp-json\/wp\/v2\/posts\/38755"}],"collection":[{"href":"https:\/\/jornaldeitaipava.com.br\/index.php\/wp-json\/wp\/v2\/posts"}],"about":[{"href":"https:\/\/jornaldeitaipava.com.br\/index.php\/wp-json\/wp\/v2\/types\/post"}],"author":[{"embeddable":true,"href":"https:\/\/jornaldeitaipava.com.br\/index.php\/wp-json\/wp\/v2\/users\/1"}],"replies":[{"embeddable":true,"href":"https:\/\/jornaldeitaipava.com.br\/index.php\/wp-json\/wp\/v2\/comments?post=38755"}],"version-history":[{"count":1,"href":"https:\/\/jornaldeitaipava.com.br\/index.php\/wp-json\/wp\/v2\/posts\/38755\/revisions"}],"predecessor-version":[{"id":38756,"href":"https:\/\/jornaldeitaipava.com.br\/index.php\/wp-json\/wp\/v2\/posts\/38755\/revisions\/38756"}],"wp:featuredmedia":[{"embeddable":true,"href":"https:\/\/jornaldeitaipava.com.br\/index.php\/wp-json\/wp\/v2\/media\/20670"}],"wp:attachment":[{"href":"https:\/\/jornaldeitaipava.com.br\/index.php\/wp-json\/wp\/v2\/media?parent=38755"}],"wp:term":[{"taxonomy":"category","embeddable":true,"href":"https:\/\/jornaldeitaipava.com.br\/index.php\/wp-json\/wp\/v2\/categories?post=38755"},{"taxonomy":"post_tag","embeddable":true,"href":"https:\/\/jornaldeitaipava.com.br\/index.php\/wp-json\/wp\/v2\/tags?post=38755"}],"curies":[{"name":"wp","href":"https:\/\/api.w.org\/{rel}","templated":true}]}}