{"id":38757,"date":"2024-03-18T19:53:54","date_gmt":"2024-03-18T22:53:54","guid":{"rendered":"http:\/\/jornaldeitaipava.com.br\/?p=38757"},"modified":"2024-03-18T19:53:57","modified_gmt":"2024-03-18T22:53:57","slug":"diabeticos-terao-carteirinha-para-garantir-direitos-em-petropolis","status":"publish","type":"post","link":"https:\/\/jornaldeitaipava.com.br\/index.php\/2024\/03\/18\/diabeticos-terao-carteirinha-para-garantir-direitos-em-petropolis\/","title":{"rendered":"Diab\u00e9ticos ter\u00e3o carteirinha para garantir direitos em Petr\u00f3polis"},"content":{"rendered":"\n<p class=\"has-text-align-center\"><strong>Eduardo do Blog tamb\u00e9m luta por um Centro de Refer\u00eancia ao Diab\u00e9tico<\/strong><\/p>\n\n\n\n<p>Pacientes diab\u00e9ticos de Petr\u00f3polis poder\u00e3o obter sua carteira de identifica\u00e7\u00e3o com detalhes para o tratamento de urg\u00eancia e emerg\u00eancia. \u00c9 o que diz o Projeto de Lei, de autoria do vereador Eduardo do Blog, aprovado pela C\u00e2mara em sess\u00e3o ordin\u00e1ria realizada na quinta-feira (14).<\/p>\n\n\n\n<p>De acordo com o texto da PL, no documento constar\u00e3o a identifica\u00e7\u00e3o, as medica\u00e7\u00f5es utilizadas pelo paciente al\u00e9m de informa\u00e7\u00f5es b\u00e1sicas como n\u00fameros dos documentos, do cart\u00e3o do Sistema \u00danico de Sa\u00fade (SUS) e ainda indicativos sobre o tipo de diabetes. Na carteira dever\u00e1 constar ainda, em fonte destacada, o alerta: &#8220;Paciente diab\u00e9tico, em caso de emerg\u00eancia, informar esta condi\u00e7\u00e3o ao m\u00e9dico atendente&#8221;.<\/p>\n\n\n\n<p>De acordo com o autor, o objetivo do projeto \u00e9, al\u00e9m de identificar o paciente, ser um facilitador em caso de necessidade de atendimento de urg\u00eancia.<\/p>\n\n\n\n<p>&#8220;Os diab\u00e9ticos n\u00e3o disp\u00f5em de dispositivo legal de identifica\u00e7\u00e3o, sen\u00e3o apenas do laudo m\u00e9dico pessoal, em papel, que precisam levar em todo deslocamento. Infelizmente, n\u00e3o \u00e9 rara a ocorr\u00eancia de atendimentos de urg\u00eancia onde muitas vezes recebem tratamento inadequado&#8221;, disse o vereador que tamb\u00e9m \u00e9 diab\u00e9tico.<br>O projeto segue agora para a san\u00e7\u00e3o do Executivo.<\/p>\n\n\n\n<p><strong>Centro de Refer\u00eancia para Diab\u00e9ticos<\/strong><\/p>\n\n\n\n<p>Outra luta do vereador, levada pessoalmente ao Minist\u00e9rio da Sa\u00fade, \u00e9 a cria\u00e7\u00e3o de um Centro de Refer\u00eancia ao Diab\u00e9tico no munic\u00edpio, o primeiro do Estado. A proposta est\u00e1 tramitando em Bras\u00edlia.<\/p>\n\n\n\n<p>&#8220;Nossa proposta j\u00e1 est\u00e1 nas m\u00e3os da ministra da Sa\u00fade. O objetivo do centro \u00e9 facilitar o acesso a profissionais como endocrinologistas &#8211; o que \u00e9 dif\u00edcil na rede p\u00fablica &#8211; , a medicamentos e aparelhos como medidores de glicose. Ser\u00e1 uma lugar voltado exclusivamente aos pacientes diab\u00e9ticos do munic\u00edpio&#8221;, finalizou Eduardo.<\/p>\n","protected":false},"excerpt":{"rendered":"<p>Eduardo do Blog tamb\u00e9m luta por um Centro de Refer\u00eancia ao Diab\u00e9tico Pacientes diab\u00e9ticos de<\/p>\n","protected":false},"author":1,"featured_media":38758,"comment_status":"closed","ping_status":"open","sticky":false,"template":"","format":"standard","meta":{"spay_email":"","footnotes":"","jetpack_publicize_message":""},"categories":[2],"tags":[],"jetpack_featured_media_url":"https:\/\/i0.wp.com\/jornaldeitaipava.com.br\/wp-content\/uploads\/2024\/03\/WhatsApp-Image-2024-03-05-at-12.17.45.jpeg?fit=1600%2C902&ssl=1","jetpack_publicize_connections":[],"jetpack_sharing_enabled":true,"jetpack_likes_enabled":true,"jetpack-related-posts":[],"_links":{"self":[{"href":"https:\/\/jornaldeitaipava.com.br\/index.php\/wp-json\/wp\/v2\/posts\/38757"}],"collection":[{"href":"https:\/\/jornaldeitaipava.com.br\/index.php\/wp-json\/wp\/v2\/posts"}],"about":[{"href":"https:\/\/jornaldeitaipava.com.br\/index.php\/wp-json\/wp\/v2\/types\/post"}],"author":[{"embeddable":true,"href":"https:\/\/jornaldeitaipava.com.br\/index.php\/wp-json\/wp\/v2\/users\/1"}],"replies":[{"embeddable":true,"href":"https:\/\/jornaldeitaipava.com.br\/index.php\/wp-json\/wp\/v2\/comments?post=38757"}],"version-history":[{"count":1,"href":"https:\/\/jornaldeitaipava.com.br\/index.php\/wp-json\/wp\/v2\/posts\/38757\/revisions"}],"predecessor-version":[{"id":38759,"href":"https:\/\/jornaldeitaipava.com.br\/index.php\/wp-json\/wp\/v2\/posts\/38757\/revisions\/38759"}],"wp:featuredmedia":[{"embeddable":true,"href":"https:\/\/jornaldeitaipava.com.br\/index.php\/wp-json\/wp\/v2\/media\/38758"}],"wp:attachment":[{"href":"https:\/\/jornaldeitaipava.com.br\/index.php\/wp-json\/wp\/v2\/media?parent=38757"}],"wp:term":[{"taxonomy":"category","embeddable":true,"href":"https:\/\/jornaldeitaipava.com.br\/index.php\/wp-json\/wp\/v2\/categories?post=38757"},{"taxonomy":"post_tag","embeddable":true,"href":"https:\/\/jornaldeitaipava.com.br\/index.php\/wp-json\/wp\/v2\/tags?post=38757"}],"curies":[{"name":"wp","href":"https:\/\/api.w.org\/{rel}","templated":true}]}}