{"id":38766,"date":"2024-03-18T20:17:13","date_gmt":"2024-03-18T23:17:13","guid":{"rendered":"http:\/\/jornaldeitaipava.com.br\/?p=38766"},"modified":"2024-03-18T20:17:16","modified_gmt":"2024-03-18T23:17:16","slug":"na-proxima-quinta-feira-dia-21-de-marco-as-14h30-o-museu-imperial-promovera-a-primeira-edicao-de-2024-do-projeto-fale-me-de-petropolis","status":"publish","type":"post","link":"https:\/\/jornaldeitaipava.com.br\/index.php\/2024\/03\/18\/na-proxima-quinta-feira-dia-21-de-marco-as-14h30-o-museu-imperial-promovera-a-primeira-edicao-de-2024-do-projeto-fale-me-de-petropolis\/","title":{"rendered":"Na pr\u00f3xima quinta-feira, dia 21 de mar\u00e7o, \u00e0s 14h30, o Museu Imperial promover\u00e1 a primeira edi\u00e7\u00e3o de 2024 do projeto \u201cFale-me de Petr\u00f3polis\u201d."},"content":{"rendered":"\n<p class=\"has-text-align-center\">A convidada ser\u00e1 a Profa. Dra. Jamile da Silva Neto, que apresentar\u00e1 o tema &#8220;Contando uma hist\u00f3ria, institucionalizando uma mem\u00f3ria: as Comemora\u00e7\u00f5es do Centen\u00e1rio de Petr\u00f3polis e a funda\u00e7\u00e3o do Museu Imperial&#8221;.<\/p>\n\n\n\n<p><br>A Comiss\u00e3o do Centen\u00e1rio de Petr\u00f3polis foi criada pelo prefeito I\u00eado Fiuza, em 1937, no intuito de registrar a historiografia petropolitana em comemora\u00e7\u00e3o aos 100 anos da funda\u00e7\u00e3o da Povoa\u00e7\u00e3o-Pal\u00e1cio de Petr\u00f3polis. Reuniu intelectuais da cidade que escreveram uma s\u00e9rie de artigos, resultando em 7 volumes bibliogr\u00e1ficos, sob o t\u00edtulo \u201cTrabalhos da Comiss\u00e3o do Centen\u00e1rio de Petr\u00f3polis\u201d. O \u00faltimo volume foi lan\u00e7ado em 1943, data em que se comemorava a efem\u00e9ride.<br>No mesmo dia, como parte do projeto da exposi\u00e7\u00e3o \u201cA Petr\u00f3polis do Museu Imperial\u201d, esta importante cole\u00e7\u00e3o ser\u00e1 disponibilizada pela Biblioteca do Museu Imperial, no portal do Programa de Digitaliza\u00e7\u00e3o do Acervo do Museu Imperial (DAMI).<br>Sobre o evento: O nome \u201cFale-me de Petr\u00f3polis\u201d surgiu em homenagem a uma frase do imperador d. Pedro II que, durante o per\u00edodo de ex\u00edlio, enviava cartas aos amigos e pedia not\u00edcias sobre a cidade que tanto amava. Em sua 46\u00aa edi\u00e7\u00e3o, acontece mensalmente e \u00e9 norteado por um tema relacionado \u00e0 hist\u00f3ria de Petr\u00f3polis. O encontro recebe pessoas que, ao longo de um bate-papo, resgatam mem\u00f3rias da cidade. Integra parte da miss\u00e3o do Museu Imperial: de pesquisar e comunicar a mem\u00f3ria e a hist\u00f3ria da cidade de Petr\u00f3polis.<br>O evento \u00e9 aberto ao p\u00fablico e acontecer\u00e1 na Biblioteca do Museu Imperial. N\u00e3o \u00e9 necess\u00e1rio agendamento ou inscri\u00e7\u00e3o.<br>Sobre a convidada: Licenciada, mestre e doutora em Hist\u00f3ria pela Unirio. Pesquisa sobre a hist\u00f3ria do Brasil republicano com \u00eanfase no patrim\u00f4nio cultural brasileiro, nos intelectuais, na historiografia, no Museu Imperial e na mem\u00f3ria do Brasil Imp\u00e9rio. Professora de hist\u00f3ria do munic\u00edpio de Maric\u00e1.<\/p>\n","protected":false},"excerpt":{"rendered":"<p>A convidada ser\u00e1 a Profa. Dra. Jamile da Silva Neto, que apresentar\u00e1 o tema &#8220;Contando<\/p>\n","protected":false},"author":1,"featured_media":31774,"comment_status":"closed","ping_status":"open","sticky":false,"template":"","format":"standard","meta":{"spay_email":"","footnotes":"","jetpack_publicize_message":""},"categories":[1],"tags":[],"jetpack_featured_media_url":"https:\/\/i0.wp.com\/jornaldeitaipava.com.br\/wp-content\/uploads\/2022\/11\/museu.png?fit=862%2C545&ssl=1","jetpack_publicize_connections":[],"jetpack_sharing_enabled":true,"jetpack_likes_enabled":true,"jetpack-related-posts":[],"_links":{"self":[{"href":"https:\/\/jornaldeitaipava.com.br\/index.php\/wp-json\/wp\/v2\/posts\/38766"}],"collection":[{"href":"https:\/\/jornaldeitaipava.com.br\/index.php\/wp-json\/wp\/v2\/posts"}],"about":[{"href":"https:\/\/jornaldeitaipava.com.br\/index.php\/wp-json\/wp\/v2\/types\/post"}],"author":[{"embeddable":true,"href":"https:\/\/jornaldeitaipava.com.br\/index.php\/wp-json\/wp\/v2\/users\/1"}],"replies":[{"embeddable":true,"href":"https:\/\/jornaldeitaipava.com.br\/index.php\/wp-json\/wp\/v2\/comments?post=38766"}],"version-history":[{"count":1,"href":"https:\/\/jornaldeitaipava.com.br\/index.php\/wp-json\/wp\/v2\/posts\/38766\/revisions"}],"predecessor-version":[{"id":38767,"href":"https:\/\/jornaldeitaipava.com.br\/index.php\/wp-json\/wp\/v2\/posts\/38766\/revisions\/38767"}],"wp:featuredmedia":[{"embeddable":true,"href":"https:\/\/jornaldeitaipava.com.br\/index.php\/wp-json\/wp\/v2\/media\/31774"}],"wp:attachment":[{"href":"https:\/\/jornaldeitaipava.com.br\/index.php\/wp-json\/wp\/v2\/media?parent=38766"}],"wp:term":[{"taxonomy":"category","embeddable":true,"href":"https:\/\/jornaldeitaipava.com.br\/index.php\/wp-json\/wp\/v2\/categories?post=38766"},{"taxonomy":"post_tag","embeddable":true,"href":"https:\/\/jornaldeitaipava.com.br\/index.php\/wp-json\/wp\/v2\/tags?post=38766"}],"curies":[{"name":"wp","href":"https:\/\/api.w.org\/{rel}","templated":true}]}}