{"id":38768,"date":"2024-03-19T10:16:14","date_gmt":"2024-03-19T13:16:14","guid":{"rendered":"http:\/\/jornaldeitaipava.com.br\/?p=38768"},"modified":"2024-03-19T10:16:15","modified_gmt":"2024-03-19T13:16:15","slug":"br-040-sicomercio-petropolis-participa-de-visita-tecnica-com-integrantes-da-antt","status":"publish","type":"post","link":"https:\/\/jornaldeitaipava.com.br\/index.php\/2024\/03\/19\/br-040-sicomercio-petropolis-participa-de-visita-tecnica-com-integrantes-da-antt\/","title":{"rendered":"BR-040: Sicom\u00e9rcio Petr\u00f3polis participa de visita t\u00e9cnica com integrantes da ANTT"},"content":{"rendered":"\n<p>Analisar in loco as condi\u00e7\u00f5es e as necessidades de interven\u00e7\u00f5es na BR-040. Com esse objetivo, integrantes da ANTT (Ag\u00eancia Nacional de Transportes Terrestres), realizaram, na sexta-feira (15), visitas ao longo da estrada. O presidente do Sicom\u00e9rcio Petr\u00f3polis, Marcelo Fiorini e o assessor especial da presid\u00eancia da Fecom\u00e9rcio-RJ, Delmo Pinho acompanharam a equipe t\u00e9cnica e mostraram os pontos que dever\u00e3o sofrer interven\u00e7\u00f5es segundo o que est\u00e1 previsto na nova modelagem de concess\u00e3o da BR-040.<br>Marcelo Fiorini e Delmo Pinho encontraram com os integrantes da ANTT, Felipe Queiroz, Euler Jos\u00e9, Paulo Oliveira, Ana Paula Pereira, Cynthia Ruas Vieira Brayer, Nilson Gonze, Carlos Frederico Peixoto e Jos\u00e9 Eug\u00eanio Castro em Tr\u00eas Rios e seguiram at\u00e9 o Belvedere, na descida da serra.<br>\u201cCombinamos essa visita t\u00e9cnica. Eles vieram de Bras\u00edlia e tiveram a oportunidade de conhecer todos os trechos da estrada. Batemos ponto por ponto. Estivemos nos locais onde est\u00e3o previstas as interven\u00e7\u00f5es e mostramos as mudan\u00e7as que esperamos que sejam realizadas neste processo\u201d, afirmou Marcelo Fiorini, acrescentando que o encontro foi satisfat\u00f3rio.<br>\u201cConseguimos mostrar a realidade. Eles conheceram o trecho da Nova Subida da Serra, os t\u00faneis, as sa\u00eddas para Quitandinha e Bingen, conversamos sobre a necessidade da liga\u00e7\u00e3o Bingen &#8211; Quitandinha, mostramos os acessos \u00e0 Fazenda Inglesa, Duarte da Silveira e Araras. Comprovamos a necessidade de duplica\u00e7\u00e3o de pontes em Itaipava e mostramos a sa\u00edda para o Distrito Industrial da Posse\u201d, completou Fiorini.<br>Agora, Sicom\u00e9rcio Petr\u00f3polis e Fecom\u00e9rcio-RJ continuar\u00e3o na luta pela celeridade no processo de defini\u00e7\u00e3o da administra\u00e7\u00e3o da BR-040 e in\u00edcio das interven\u00e7\u00f5es. \u201cContinuaremos acompanhando cada etapa do processo. \u00c9 uma prioridade porque entendemos a urg\u00eancia da iniciativa para petropolitanos e demais moradores e empres\u00e1rios que usam a BR-040 diariamente\u201d, confirmou Marcelo Fiorini.<br>Vale destacar que, em outubro de 2023, Marcelo Fiorini e Delmo Pinho participaram, em Bras\u00edlia, com o deputado federal J\u00falio Lopes, de encontros na Secretaria Nacional de Transporte Rodovi\u00e1rio do Minist\u00e9rio dos Transportes, em Bras\u00edlia. Na ocasi\u00e3o, al\u00e9m de solicitar a celeridade no processo, eles confirmaram algumas interven\u00e7\u00f5es que dever\u00e3o ser feitas na BR-040 como a melhoria nas al\u00e7as de acesso na Avenida Brasil e a constru\u00e7\u00e3o de pistas paralelas, al\u00e9m de benfeitorias no acesso \u00e0 Linha Vermelha e tamb\u00e9m no Arco Metropolitano, com a inten\u00e7\u00e3o de diminuir o engarrafamento de quem segue do Rio de Janeiro para Petr\u00f3polis nos hor\u00e1rios de pico. Em Araras ser\u00e1 feito um nivelamento em parte da estrada. Uma nova al\u00e7a de retorno para a Feirinha de Itaipava e a constru\u00e7\u00e3o de uma nova ponte em Itaipava para fazer a conex\u00e3o com a estrada que liga Petr\u00f3polis a Teres\u00f3polis (BR-495) tamb\u00e9m est\u00e3o previstas, bem como melhorias em acessos de outros trechos da regi\u00e3o.<\/p>\n\n\n\n<p><strong>Luta antiga<br><\/strong>Fecom\u00e9rcio &#8211; RJ, Sicom\u00e9rcio Petr\u00f3polis e demais entidades empresariais do Rio de Janeiro lutam, h\u00e1 anos, por melhorias na estrada e defini\u00e7\u00e3o sobre o futuro na administra\u00e7\u00e3o da estrada. Inclusive, uma carta conjunta escrita pelas entidades e, ainda, Firjan e ACRJ (Associa\u00e7\u00e3o Comercial do Rio de Janeiro) foi entregue ao governo federal, durante a \u00faltima gest\u00e3o, solicitando o prosseguimento da modelagem conforme o que foi apresentado e validado nas audi\u00eancias p\u00fablicas realizadas pela ANTT.<\/p>\n","protected":false},"excerpt":{"rendered":"<p>Analisar in loco as condi\u00e7\u00f5es e as necessidades de interven\u00e7\u00f5es na BR-040. Com esse objetivo,<\/p>\n","protected":false},"author":1,"featured_media":38769,"comment_status":"closed","ping_status":"open","sticky":false,"template":"","format":"standard","meta":{"spay_email":"","footnotes":"","jetpack_publicize_message":""},"categories":[24],"tags":[],"jetpack_featured_media_url":"https:\/\/i1.wp.com\/jornaldeitaipava.com.br\/wp-content\/uploads\/2024\/03\/WhatsApp-Image-2024-03-15-at-19.49.27-1.jpeg?fit=1600%2C1200&ssl=1","jetpack_publicize_connections":[],"jetpack_sharing_enabled":true,"jetpack_likes_enabled":true,"jetpack-related-posts":[],"_links":{"self":[{"href":"https:\/\/jornaldeitaipava.com.br\/index.php\/wp-json\/wp\/v2\/posts\/38768"}],"collection":[{"href":"https:\/\/jornaldeitaipava.com.br\/index.php\/wp-json\/wp\/v2\/posts"}],"about":[{"href":"https:\/\/jornaldeitaipava.com.br\/index.php\/wp-json\/wp\/v2\/types\/post"}],"author":[{"embeddable":true,"href":"https:\/\/jornaldeitaipava.com.br\/index.php\/wp-json\/wp\/v2\/users\/1"}],"replies":[{"embeddable":true,"href":"https:\/\/jornaldeitaipava.com.br\/index.php\/wp-json\/wp\/v2\/comments?post=38768"}],"version-history":[{"count":1,"href":"https:\/\/jornaldeitaipava.com.br\/index.php\/wp-json\/wp\/v2\/posts\/38768\/revisions"}],"predecessor-version":[{"id":38770,"href":"https:\/\/jornaldeitaipava.com.br\/index.php\/wp-json\/wp\/v2\/posts\/38768\/revisions\/38770"}],"wp:featuredmedia":[{"embeddable":true,"href":"https:\/\/jornaldeitaipava.com.br\/index.php\/wp-json\/wp\/v2\/media\/38769"}],"wp:attachment":[{"href":"https:\/\/jornaldeitaipava.com.br\/index.php\/wp-json\/wp\/v2\/media?parent=38768"}],"wp:term":[{"taxonomy":"category","embeddable":true,"href":"https:\/\/jornaldeitaipava.com.br\/index.php\/wp-json\/wp\/v2\/categories?post=38768"},{"taxonomy":"post_tag","embeddable":true,"href":"https:\/\/jornaldeitaipava.com.br\/index.php\/wp-json\/wp\/v2\/tags?post=38768"}],"curies":[{"name":"wp","href":"https:\/\/api.w.org\/{rel}","templated":true}]}}