{"id":38771,"date":"2024-03-19T10:17:30","date_gmt":"2024-03-19T13:17:30","guid":{"rendered":"http:\/\/jornaldeitaipava.com.br\/?p=38771"},"modified":"2024-03-19T10:17:32","modified_gmt":"2024-03-19T13:17:32","slug":"solsticio-do-som-abre-inscricoes-para-bandas-de-petropolis-que-queiram-se-apresentar-na-edicao-de-inverno","status":"publish","type":"post","link":"https:\/\/jornaldeitaipava.com.br\/index.php\/2024\/03\/19\/solsticio-do-som-abre-inscricoes-para-bandas-de-petropolis-que-queiram-se-apresentar-na-edicao-de-inverno\/","title":{"rendered":"Solst\u00edcio do Som abre inscri\u00e7\u00f5es para bandas de Petr\u00f3polis que queiram se apresentar na edi\u00e7\u00e3o de inverno"},"content":{"rendered":"\n<p class=\"has-text-align-center\"><strong>28\u00aa edi\u00e7\u00e3o do festival ser\u00e1 dos dias 14 a 20 de junho<\/strong><\/p>\n\n\n\n<p><br>O Solst\u00edcio do Som abre neste s\u00e1bado (16), dia em que se comemora o anivers\u00e1rio de Petr\u00f3polis, as inscri\u00e7\u00f5es para bandas da cidade que queiram se apresentar na edi\u00e7\u00e3o de inverno, que j\u00e1 tem data marcada e ser\u00e1 dos dias 14 a 20 de junho. O festival, que busca valorizar o trabalho autoral, est\u00e1 em sua 28\u00aa edi\u00e7\u00e3o.<br>De acordo com Jo\u00e3o Verleun, organizador do Solst\u00edcio do Som, ser\u00e3o selecionadas para o evento apenas as bandas que n\u00e3o tenham participado das \u00faltimas duas edi\u00e7\u00f5es (inverno e ver\u00e3o de 2023) e possam oferecer pelo menos 40 minutos de repert\u00f3rio 100% autoral e comprovado em grava\u00e7\u00f5es dispon\u00edveis ao p\u00fablico. A prioridade ser\u00e1 para aquelas que t\u00eam lan\u00e7amentos recentes.<br>\u201cO festival busca expor de forma gratuita e universal a mais atualizada express\u00e3o art\u00edstica em Petr\u00f3polis, por meio de shows e demais apresenta\u00e7\u00f5es, como dan\u00e7a e artes pl\u00e1sticas, que ter\u00e3o inscri\u00e7\u00f5es abertas em breve\u201d, diz o organizador.<br>As inscri\u00e7\u00f5es devem ser feitas pelo site: https:\/\/solsticiodosom.com.br\/. Para bandas que ensaiam fora de Petr\u00f3polis, ser\u00e3o consideradas as inscri\u00e7\u00f5es realizadas para a edi\u00e7\u00e3o de ver\u00e3o de 2023, j\u00e1 que as mesmas, naquela ocasi\u00e3o, n\u00e3o puderam ser contempladas.<br>A ideia \u00e9 de que o festival ocorra na Pra\u00e7a Visconde de Mau\u00e1, onde haver\u00e1 o palco para as bandas, por\u00e9m, em conjunto com o Centro de Cultura Raul de Leoni. Quem tiver projetos autorais aprovados em edital, de qualquer linguagem art\u00edstica, com anu\u00eancia de ser realizado em algum dos espa\u00e7os do Centro de Cultura, e queira figurar na programa\u00e7\u00e3o do festival nas datas de sua realiza\u00e7\u00e3o, poder\u00e1 entrar em contato para que seja integrado nesta edi\u00e7\u00e3o do Solst\u00edcio do Som.<br>Para ficar por dentro de todas as datas e informa\u00e7\u00f5es sobre o festival acompanhe o perfil no instagram: @solsticiodosom.<\/p>\n\n\n\n<p><strong>Sobre o Solst\u00edcio do Som<br><\/strong>O Solst\u00edcio do Som \u00e9 realizado em Petr\u00f3polis desde 2010, duas vezes ao ano, celebrando as chegadas do inverno e ver\u00e3o. O objetivo do evento \u00e9 promover a ocupa\u00e7\u00e3o respons\u00e1vel de espa\u00e7os p\u00fablicos no Centro Hist\u00f3rico, promovendo a arte produzida na cidade.<br>O Solst\u00edcio do Som representa um espa\u00e7o que incentiva os artistas a investirem em suas obras autorais e estimula profissionais da cultura quanto \u00e0 promo\u00e7\u00e3o de eventos que criem espa\u00e7o para o trabalho art\u00edstico autoral no munic\u00edpio. O evento tamb\u00e9m gera empregos tempor\u00e1rios e permanentes na sua produ\u00e7\u00e3o e servi\u00e7os.<\/p>\n","protected":false},"excerpt":{"rendered":"<p>28\u00aa edi\u00e7\u00e3o do festival ser\u00e1 dos dias 14 a 20 de junho O Solst\u00edcio do<\/p>\n","protected":false},"author":1,"featured_media":28555,"comment_status":"closed","ping_status":"open","sticky":false,"template":"","format":"standard","meta":{"spay_email":"","footnotes":"","jetpack_publicize_message":""},"categories":[1],"tags":[],"jetpack_featured_media_url":"https:\/\/i2.wp.com\/jornaldeitaipava.com.br\/wp-content\/uploads\/2022\/05\/SOLSTICIO.png?fit=632%2C392&ssl=1","jetpack_publicize_connections":[],"jetpack_sharing_enabled":true,"jetpack_likes_enabled":true,"jetpack-related-posts":[],"_links":{"self":[{"href":"https:\/\/jornaldeitaipava.com.br\/index.php\/wp-json\/wp\/v2\/posts\/38771"}],"collection":[{"href":"https:\/\/jornaldeitaipava.com.br\/index.php\/wp-json\/wp\/v2\/posts"}],"about":[{"href":"https:\/\/jornaldeitaipava.com.br\/index.php\/wp-json\/wp\/v2\/types\/post"}],"author":[{"embeddable":true,"href":"https:\/\/jornaldeitaipava.com.br\/index.php\/wp-json\/wp\/v2\/users\/1"}],"replies":[{"embeddable":true,"href":"https:\/\/jornaldeitaipava.com.br\/index.php\/wp-json\/wp\/v2\/comments?post=38771"}],"version-history":[{"count":1,"href":"https:\/\/jornaldeitaipava.com.br\/index.php\/wp-json\/wp\/v2\/posts\/38771\/revisions"}],"predecessor-version":[{"id":38772,"href":"https:\/\/jornaldeitaipava.com.br\/index.php\/wp-json\/wp\/v2\/posts\/38771\/revisions\/38772"}],"wp:featuredmedia":[{"embeddable":true,"href":"https:\/\/jornaldeitaipava.com.br\/index.php\/wp-json\/wp\/v2\/media\/28555"}],"wp:attachment":[{"href":"https:\/\/jornaldeitaipava.com.br\/index.php\/wp-json\/wp\/v2\/media?parent=38771"}],"wp:term":[{"taxonomy":"category","embeddable":true,"href":"https:\/\/jornaldeitaipava.com.br\/index.php\/wp-json\/wp\/v2\/categories?post=38771"},{"taxonomy":"post_tag","embeddable":true,"href":"https:\/\/jornaldeitaipava.com.br\/index.php\/wp-json\/wp\/v2\/tags?post=38771"}],"curies":[{"name":"wp","href":"https:\/\/api.w.org\/{rel}","templated":true}]}}