{"id":38773,"date":"2024-03-19T13:24:50","date_gmt":"2024-03-19T16:24:50","guid":{"rendered":"http:\/\/jornaldeitaipava.com.br\/?p=38773"},"modified":"2024-03-19T13:24:53","modified_gmt":"2024-03-19T16:24:53","slug":"missa-de-7o-dia-do-dr-marcio-guimaraes-acontece-nesta-quarta-feira","status":"publish","type":"post","link":"https:\/\/jornaldeitaipava.com.br\/index.php\/2024\/03\/19\/missa-de-7o-dia-do-dr-marcio-guimaraes-acontece-nesta-quarta-feira\/","title":{"rendered":"Missa de 7\u00ba Dia do dr. M\u00e1rcio Guimar\u00e3es acontece nesta quarta-feira"},"content":{"rendered":"\n<p>A Missa de S\u00e9timo Dia do m\u00e9dico e cirurgi\u00e3o pl\u00e1stico, dr. M\u00e1rcio Guimar\u00e3es, acontecer\u00e1 nesta quarta-feira (20\/03), \u00e0s 12h15, na Igreja Nossa Senhora do Ros\u00e1rio, na Pra\u00e7a da Inconfid\u00eancia, Centro.<\/p>\n\n\n\n<p><br>Dr. Marcio C\u00e9sar Guimar\u00e3es foi ex-coordenador da representa\u00e7\u00e3o do Cremerj em Petr\u00f3polis. Se formou-se em medicina pela Escola M\u00e9dica do Rio de Janeiro da Universidade Gama Filho (UGF), entre os anos de 1971 e 1977.<\/p>\n\n\n\n<p><br>Al\u00e9m disso, o tamb\u00e9m foi Titular da Sociedade Brasileira de Cirurgia da M\u00e3o (1986) e da Sociedade Brasileira de Cirurgia Pl\u00e1stica (1988) \u2013 especialidade na qual se qualificou. Ao longo de anos, dedicou sua carreira ao Hospital Geral da Santa Casa da Miseric\u00f3rdia do Rio de Janeiro, \u00e0 Funda\u00e7\u00e3o Municipal de Sa\u00fade de Petr\u00f3polis, entre outras institui\u00e7\u00f5es.<\/p>\n","protected":false},"excerpt":{"rendered":"<p>A Missa de S\u00e9timo Dia do m\u00e9dico e cirurgi\u00e3o pl\u00e1stico, dr. M\u00e1rcio Guimar\u00e3es, acontecer\u00e1 nesta<\/p>\n","protected":false},"author":1,"featured_media":38774,"comment_status":"closed","ping_status":"open","sticky":false,"template":"","format":"standard","meta":{"spay_email":"","footnotes":"","jetpack_publicize_message":""},"categories":[2],"tags":[],"jetpack_featured_media_url":"https:\/\/i0.wp.com\/jornaldeitaipava.com.br\/wp-content\/uploads\/2024\/03\/WhatsApp-Image-2024-03-19-at-13.06.23-1.jpeg?fit=1070%2C1480&ssl=1","jetpack_publicize_connections":[],"jetpack_sharing_enabled":true,"jetpack_likes_enabled":true,"jetpack-related-posts":[],"_links":{"self":[{"href":"https:\/\/jornaldeitaipava.com.br\/index.php\/wp-json\/wp\/v2\/posts\/38773"}],"collection":[{"href":"https:\/\/jornaldeitaipava.com.br\/index.php\/wp-json\/wp\/v2\/posts"}],"about":[{"href":"https:\/\/jornaldeitaipava.com.br\/index.php\/wp-json\/wp\/v2\/types\/post"}],"author":[{"embeddable":true,"href":"https:\/\/jornaldeitaipava.com.br\/index.php\/wp-json\/wp\/v2\/users\/1"}],"replies":[{"embeddable":true,"href":"https:\/\/jornaldeitaipava.com.br\/index.php\/wp-json\/wp\/v2\/comments?post=38773"}],"version-history":[{"count":1,"href":"https:\/\/jornaldeitaipava.com.br\/index.php\/wp-json\/wp\/v2\/posts\/38773\/revisions"}],"predecessor-version":[{"id":38775,"href":"https:\/\/jornaldeitaipava.com.br\/index.php\/wp-json\/wp\/v2\/posts\/38773\/revisions\/38775"}],"wp:featuredmedia":[{"embeddable":true,"href":"https:\/\/jornaldeitaipava.com.br\/index.php\/wp-json\/wp\/v2\/media\/38774"}],"wp:attachment":[{"href":"https:\/\/jornaldeitaipava.com.br\/index.php\/wp-json\/wp\/v2\/media?parent=38773"}],"wp:term":[{"taxonomy":"category","embeddable":true,"href":"https:\/\/jornaldeitaipava.com.br\/index.php\/wp-json\/wp\/v2\/categories?post=38773"},{"taxonomy":"post_tag","embeddable":true,"href":"https:\/\/jornaldeitaipava.com.br\/index.php\/wp-json\/wp\/v2\/tags?post=38773"}],"curies":[{"name":"wp","href":"https:\/\/api.w.org\/{rel}","templated":true}]}}