{"id":38779,"date":"2024-03-20T10:26:09","date_gmt":"2024-03-20T13:26:09","guid":{"rendered":"http:\/\/jornaldeitaipava.com.br\/?p=38779"},"modified":"2024-03-20T10:26:11","modified_gmt":"2024-03-20T13:26:11","slug":"defesa-civil-contabilizou-seis-ocorrencias-durante-chuva-da-terca-feira","status":"publish","type":"post","link":"https:\/\/jornaldeitaipava.com.br\/index.php\/2024\/03\/20\/defesa-civil-contabilizou-seis-ocorrencias-durante-chuva-da-terca-feira\/","title":{"rendered":"Defesa Civil contabilizou seis ocorr\u00eancias durante chuva da ter\u00e7a-feira"},"content":{"rendered":"\n<p>A Defesa Civil do munic\u00edpio contabilizou 06 registros de ocorr\u00eancias por conta da chuva da tarde e noite desta ter\u00e7a-feira (19\/03). Todas as ocorr\u00eancias registradas foram sem gravidade e n\u00e3o houve v\u00edtimas. Confira o balan\u00e7o atualizado dos registros de ocorr\u00eancias em fun\u00e7\u00e3o das chuvas em Petr\u00f3polis:<br>01 registro de deslizamento atingindo a via &#8211; Bairro: Valpara\u00edso.<br>01 registro de alagamento atingindo o im\u00f3vel &#8211; Bairro:Corr\u00eaas.<br>01 registro de ocorr\u00eancia de deslizamento sem atingir im\u00f3vel &#8211; Bairro:Itaipava (Estrada das Arcas).<br>01 registro de ocorr\u00eancia de afundamento de via &#8211; Bairro: Nogueira.<br>01 registro de ocorr\u00eancia de avalia\u00e7\u00e3o de risco estrutural &#8211; Bairro: Centro (Coronel Veiga).<br>01 registro de ocorr\u00eancia de queda de \u00e1rvore &#8211; Bairro: Itaipava.<\/p>\n\n\n\n<p>Durante a forte chuva, o \u00f3rg\u00e3o acionou pontos de apoio em Itaipava, que registrou 107,3 mm. Tamb\u00e9m houve registro de inunda\u00e7\u00e3o na Rua Coronel Veiga, no Centro, com o transbordamento do Rio Quitandinha.<\/p>\n\n\n\n<p>Para esta quarta-feira, a previs\u00e3o de chuva fraca a moderada. <\/p>\n\n\n\n<p>A Defesa Civil refor\u00e7a que a popula\u00e7\u00e3o das \u00e1reas de risco se mantenha em alerta, e principalmente, que n\u00e3o permane\u00e7a em \u00e1reas interditadas. Evite \u00e1reas alagadas e fique atento aos sinais de deslizamentos. Em caso de emerg\u00eancia, ligue 199.<\/p>\n","protected":false},"excerpt":{"rendered":"<p>A Defesa Civil do munic\u00edpio contabilizou 06 registros de ocorr\u00eancias por conta da chuva da<\/p>\n","protected":false},"author":1,"featured_media":34049,"comment_status":"closed","ping_status":"open","sticky":false,"template":"","format":"standard","meta":{"spay_email":"","footnotes":"","jetpack_publicize_message":""},"categories":[2],"tags":[],"jetpack_featured_media_url":"https:\/\/i1.wp.com\/jornaldeitaipava.com.br\/wp-content\/uploads\/2023\/03\/chuva.jpg?fit=719%2C403&ssl=1","jetpack_publicize_connections":[],"jetpack_sharing_enabled":true,"jetpack_likes_enabled":true,"jetpack-related-posts":[],"_links":{"self":[{"href":"https:\/\/jornaldeitaipava.com.br\/index.php\/wp-json\/wp\/v2\/posts\/38779"}],"collection":[{"href":"https:\/\/jornaldeitaipava.com.br\/index.php\/wp-json\/wp\/v2\/posts"}],"about":[{"href":"https:\/\/jornaldeitaipava.com.br\/index.php\/wp-json\/wp\/v2\/types\/post"}],"author":[{"embeddable":true,"href":"https:\/\/jornaldeitaipava.com.br\/index.php\/wp-json\/wp\/v2\/users\/1"}],"replies":[{"embeddable":true,"href":"https:\/\/jornaldeitaipava.com.br\/index.php\/wp-json\/wp\/v2\/comments?post=38779"}],"version-history":[{"count":1,"href":"https:\/\/jornaldeitaipava.com.br\/index.php\/wp-json\/wp\/v2\/posts\/38779\/revisions"}],"predecessor-version":[{"id":38780,"href":"https:\/\/jornaldeitaipava.com.br\/index.php\/wp-json\/wp\/v2\/posts\/38779\/revisions\/38780"}],"wp:featuredmedia":[{"embeddable":true,"href":"https:\/\/jornaldeitaipava.com.br\/index.php\/wp-json\/wp\/v2\/media\/34049"}],"wp:attachment":[{"href":"https:\/\/jornaldeitaipava.com.br\/index.php\/wp-json\/wp\/v2\/media?parent=38779"}],"wp:term":[{"taxonomy":"category","embeddable":true,"href":"https:\/\/jornaldeitaipava.com.br\/index.php\/wp-json\/wp\/v2\/categories?post=38779"},{"taxonomy":"post_tag","embeddable":true,"href":"https:\/\/jornaldeitaipava.com.br\/index.php\/wp-json\/wp\/v2\/tags?post=38779"}],"curies":[{"name":"wp","href":"https:\/\/api.w.org\/{rel}","templated":true}]}}