{"id":38787,"date":"2024-03-20T10:33:07","date_gmt":"2024-03-20T13:33:07","guid":{"rendered":"http:\/\/jornaldeitaipava.com.br\/?p=38787"},"modified":"2024-03-20T10:33:08","modified_gmt":"2024-03-20T13:33:08","slug":"cdl-petropolis-lanca-o-projeto-escola-tech-com-a-montagem-de-salas-de-informatica-em-unidades-publicas","status":"publish","type":"post","link":"https:\/\/jornaldeitaipava.com.br\/index.php\/2024\/03\/20\/cdl-petropolis-lanca-o-projeto-escola-tech-com-a-montagem-de-salas-de-informatica-em-unidades-publicas\/","title":{"rendered":"CDL Petr\u00f3polis lan\u00e7a o projeto \u201cEscola Tech\u201d com a montagem de salas de inform\u00e1tica em unidades p\u00fablicas"},"content":{"rendered":"\n<p>Projeto come\u00e7a na Escola Municipal Santa Maria Goretti atendendo a 80 estudantes em contraturno<br>Um novo horizonte de oportunidades educacionais se abre para as crian\u00e7as da Escola Municipal Santa Maria Goretti, no Bingen, com o lan\u00e7amento do projeto &#8220;Escola Tech&#8221;. A unidade vai funcionar como projeto-piloto de uma a\u00e7\u00e3o da C\u00e2mara de Dirigentes Lojistas de Petr\u00f3polis, em parceria com a Mitra Diocesana e a prefeitura para dotar escolas da rede p\u00fablica municipal de salas de inform\u00e1tica. Todo o material, incluindo dez computadores, foram doados por empresas que est\u00e3o aderindo o projeto que inicia atendendo a 80 estudantes em contraturno. O projeto foi lan\u00e7ado nesta ter\u00e7a-feira (19) e recebido com festa pelos alunos que participaram da inaugura\u00e7\u00e3o da sala de inform\u00e1tica Monsenhor Paulo Daher, uma homenagem ao sacerdote que exerceu o magist\u00e9rio por mais de 30 anos e era entusiasta da educa\u00e7\u00e3o.<br>O Escola Tech tem como objetivo democratizar o acesso \u00e0 tecnologia e \u00e0 educa\u00e7\u00e3o de qualidade, proporcionando um laborat\u00f3rio de inform\u00e1tica totalmente equipado para alunos da escola. O projeto n\u00e3o apenas angaria doa\u00e7\u00f5es de computadores usados das empresas locais, mas tamb\u00e9m se responsabiliza pela revis\u00e3o e manuten\u00e7\u00e3o desses equipamentos, garantindo que eles estejam em perfeitas condi\u00e7\u00f5es de uso. Al\u00e9m disso, a CDL Petr\u00f3polis realiza todas as instala\u00e7\u00f5es el\u00e9tricas e de cabeamento necess\u00e1rias na sala de aula designada para o laborat\u00f3rio, garantindo um ambiente prop\u00edcio ao aprendizado.<br>\u201c\u00c9 necess\u00e1rio que os estudantes sejam preparados para um mundo cada vez mais digital e isso come\u00e7a com o equipamento necess\u00e1rio para as aulas. O projeto est\u00e1 estrategicamente planejado para ser expandido para outras escolas p\u00fablicas da cidade, proporcionando benef\u00edcios educacionais a um n\u00famero cada vez maior de estudantes\u201d, aponta o presidente da CDL Petr\u00f3polis, Cl\u00e1udio Mohammad.<br>Cl\u00e1udia Guedon, diretora da unidade, est\u00e1 entusiasmada com o in\u00edcio das aulas que v\u00e3o abranger alunos de 1\u00b0 ao 5\u00b0 do ensino fundamental, faixa et\u00e1ria de 9 a 11 anos e tamb\u00e9m estudantes de 6\u00b0 ao 9\u00b0 ano, que t\u00eam entre 12 e 14 anos. Estes estudantes fazem parte do Projeto Espiral que visa a recomposi\u00e7\u00e3o da aprendizagem, garantindo as habilidades b\u00e1sicas do ciclo de alfabetiza\u00e7\u00e3o e promovendo a inclus\u00e3o dos alunos que est\u00e3o em defasagem.<br>Com os equipamentos de inform\u00e1tica, os alunos poder\u00e3o trabalhar pesquisa e, consequentemente, melhorar na escrita e portugu\u00eas, al\u00e9m de desenvolverem demais habilidades com acesso a tem\u00e1ticas variadas. \u201cEstamos felizes em ser o in\u00edcio deste projeto e temos certeza que ir\u00e1 contribuir para a forma\u00e7\u00e3o das crian\u00e7as. \u00c9 uma oportunidade de aprendizagem, de estar mais tempo na escola e a gente fica muito entusiasmados porque o projeto acredita na potencialidade de nossos alunos\u201d, afirma Cl\u00e1udia Guedon.<br>Na inaugura\u00e7\u00e3o as estudantes Alice Moreira Martins de S\u00e1 e Maria Clara Kronenberger falaram em nome dos alunos e comemoraram a a\u00e7\u00e3o: \u201c\u00e9 uma sala muito importante para todos os alunos da escola e agradecemos muito a oportunidade\u201d, disse Alice, sentimento acompanhado por Maria Clara, que ressaltou que os equipamentos \u201cv\u00e3o facilitar os estudos e ajudar muito no dia a dia\u201d.<br>O &#8220;Escola Tech&#8221; tamb\u00e9m est\u00e1 convidando empresas locais a se unirem a esta nobre causa, doando equipamentos e recursos financeiros para ampliar seu impacto. \u201cCom o envolvimento da comunidade e o compromisso da CDL Petr\u00f3polis, o projeto promete ser um catalisador de mudan\u00e7as significativas na educa\u00e7\u00e3o p\u00fablica da cidade\u201d, pontua Cl\u00e1udio Mohammad. Segundo ele, o projeto-piloto na Escola Municipal Santa Maria Goretti \u00e9 apenas o come\u00e7o de uma jornada frut\u00edfera. \u201cEstamos ansiosos para contribuir em transformar o cen\u00e1rio educacional da cidade e garantir que todas as crian\u00e7as tenham a oportunidade de prosperar em um mundo digital\u201d, completa.<br>A inaugura\u00e7\u00e3o da sala de inform\u00e1tica foi acompanhada por representantes da Mitra Diocesana como Maria Nilva Corsini, coordenadora das escolas paroquiais e Cristiane Noel Souza da Cruz, do projeto Virtudes, nas escolas paroquiais. Tamb\u00e9m teve a presen\u00e7a de Juliana Gimenez, da inspe\u00e7\u00e3o escolar da secretaria municipal de Educa\u00e7\u00e3o.<\/p>\n","protected":false},"excerpt":{"rendered":"<p>Projeto come\u00e7a na Escola Municipal Santa Maria Goretti atendendo a 80 estudantes em contraturnoUm novo<\/p>\n","protected":false},"author":1,"featured_media":38788,"comment_status":"closed","ping_status":"open","sticky":false,"template":"","format":"standard","meta":{"spay_email":"","footnotes":"","jetpack_publicize_message":""},"categories":[2],"tags":[],"jetpack_featured_media_url":"https:\/\/i1.wp.com\/jornaldeitaipava.com.br\/wp-content\/uploads\/2024\/03\/Inauguracao-sala-de-informatica-Escola-Santa-Maria-Goretti-5.jpeg?fit=1280%2C960&ssl=1","jetpack_publicize_connections":[],"jetpack_sharing_enabled":true,"jetpack_likes_enabled":true,"jetpack-related-posts":[],"_links":{"self":[{"href":"https:\/\/jornaldeitaipava.com.br\/index.php\/wp-json\/wp\/v2\/posts\/38787"}],"collection":[{"href":"https:\/\/jornaldeitaipava.com.br\/index.php\/wp-json\/wp\/v2\/posts"}],"about":[{"href":"https:\/\/jornaldeitaipava.com.br\/index.php\/wp-json\/wp\/v2\/types\/post"}],"author":[{"embeddable":true,"href":"https:\/\/jornaldeitaipava.com.br\/index.php\/wp-json\/wp\/v2\/users\/1"}],"replies":[{"embeddable":true,"href":"https:\/\/jornaldeitaipava.com.br\/index.php\/wp-json\/wp\/v2\/comments?post=38787"}],"version-history":[{"count":1,"href":"https:\/\/jornaldeitaipava.com.br\/index.php\/wp-json\/wp\/v2\/posts\/38787\/revisions"}],"predecessor-version":[{"id":38789,"href":"https:\/\/jornaldeitaipava.com.br\/index.php\/wp-json\/wp\/v2\/posts\/38787\/revisions\/38789"}],"wp:featuredmedia":[{"embeddable":true,"href":"https:\/\/jornaldeitaipava.com.br\/index.php\/wp-json\/wp\/v2\/media\/38788"}],"wp:attachment":[{"href":"https:\/\/jornaldeitaipava.com.br\/index.php\/wp-json\/wp\/v2\/media?parent=38787"}],"wp:term":[{"taxonomy":"category","embeddable":true,"href":"https:\/\/jornaldeitaipava.com.br\/index.php\/wp-json\/wp\/v2\/categories?post=38787"},{"taxonomy":"post_tag","embeddable":true,"href":"https:\/\/jornaldeitaipava.com.br\/index.php\/wp-json\/wp\/v2\/tags?post=38787"}],"curies":[{"name":"wp","href":"https:\/\/api.w.org\/{rel}","templated":true}]}}