{"id":38795,"date":"2024-03-20T10:48:02","date_gmt":"2024-03-20T13:48:02","guid":{"rendered":"http:\/\/jornaldeitaipava.com.br\/?p=38795"},"modified":"2024-03-20T10:48:04","modified_gmt":"2024-03-20T13:48:04","slug":"flipetropolis-inaugura-exposicao-educativa-portinari-para-criancas","status":"publish","type":"post","link":"https:\/\/jornaldeitaipava.com.br\/index.php\/2024\/03\/20\/flipetropolis-inaugura-exposicao-educativa-portinari-para-criancas\/","title":{"rendered":"Flipetr\u00f3polis inaugura exposi\u00e7\u00e3o educativa Portinari para Crian\u00e7as"},"content":{"rendered":"\n<p class=\"has-text-align-center\"><strong>O Flipetr\u00f3polis \u00e9 patrocinado pelo Grupo \u00c1guas do Brasil, via Lei Rouanet do Minist\u00e9rio da Cultura, com o apoio da Prefeitura de Petr\u00f3polis.<\/strong><\/p>\n\n\n\n<p>O Pal\u00e1cio de Cristal \u00e9 palco de uma exposi\u00e7\u00e3o in\u00e9dita no pa\u00eds, \u201cPortinari Para Crian\u00e7as&#8221;, atividade da primeira edi\u00e7\u00e3o do Flipetr\u00f3polis &#8211; Festival Liter\u00e1rio Internacional de Petr\u00f3polis, que vai acontecer de 1 a 5 de maio. A inaugura\u00e7\u00e3o aconteceu na noite de segunda-feira (18).<\/p>\n\n\n\n<p>A mostra apresenta 42 reprodu\u00e7\u00f5es de obras do pintor Candido Portinari e segue aberta ao p\u00fablico at\u00e9 o dia 5 de maio, com entrada gratuita. A curadoria da exposi\u00e7\u00e3o \u00e9 de Jo\u00e3o Candido Portinari, fundador e diretor-geral do Projeto Portinari, e Guilherme de Almeida, coordenador do N\u00facleo de Arte e Educa\u00e7\u00e3o do Projeto Portinari, que esteve presente na inaugura\u00e7\u00e3o. A mostra ter\u00e1 visitas educativas guiadas, das 10h \u00e0s 16h, todos os dias.<\/p>\n\n\n\n<p>O ator Thiago Lacerda foi o respons\u00e1vel por conduzir a cerim\u00f4nia. Junto a ele tamb\u00e9m estava o escritor Tom Farias, um dos curadores do Flipetr\u00f3polis, e o diretor da concession\u00e1ria \u00c1guas do Imperador, representando o grupo \u00c1guas do Brasil, empresa patrocinadora do Festival, o diretor da concession\u00e1ria \u00c1guas do Imperador, Jo\u00e3o Henrique Tebyri\u00e7a de S\u00e1. O prefeito Rubens Bomtempo, o vice-prefeito, Paulo Mustrangi, al\u00e9m de secret\u00e1rios municipais participaram da abertura. O presidente da Academia Petropolitana de Letras, Leandro Garcia, tamb\u00e9m marcou presen\u00e7a no evento, junto ao curador da exposi\u00e7\u00e3o e coordenador do N\u00facleo de Arte e Educa\u00e7\u00e3o do Projeto Portinari, Guilherme de Almeida.<\/p>\n\n\n\n<p>\u201cQue o Flipetr\u00f3polis seja um momento de valoriza\u00e7\u00e3o da literatura e cultura. Que seja uma ferramenta de constru\u00e7\u00e3o para que as pessoas se tornem cidad\u00e3os cr\u00edticos. \u00c9 importante garantir que as nossas crian\u00e7as possam de fato absorver esse ambiente de cultura e arte\u201d, disse o prefeito Rubens Bomtempo, que tamb\u00e9m agradeceu Afonso Borges pela confian\u00e7a no munic\u00edpio para realizar o Festival Liter\u00e1rio Internacional.<\/p>\n\n\n\n<p>O evento foi uma celebra\u00e7\u00e3o da literatura e da decis\u00e3o de Afonso Borges, presidente do Flipetr\u00f3polis, de investir na cultura na cidade fluminense. Borges \u00e9 o fundador do projeto liter\u00e1rio Sempre Um Papo, que h\u00e1 38 anos atua com o prop\u00f3sito de incentivar a leitura. A proposta j\u00e1 ultrapassou os limites de Belo Horizonte e chegou a 30 cidades, em oito estados da Federa\u00e7\u00e3o, al\u00e9m do Distrito Federal, tendo sido realizado tamb\u00e9m em Madri, na Espanha. Com o tempo, vieram outros projetos e iniciativas que visam o incentivo \u00e0 leitura e possibilitam, conjuntamente, a associa\u00e7\u00e3o entre cultura, educa\u00e7\u00e3o e responsabilidade social, como \u00e9 o caso do Flipetr\u00f3polis. Tom Farias, parceiro de Afonso Borges no trabalho de curadoria do evento, celebrou a iniciativa do Sempre Um Papo, que tamb\u00e9m \u00e9 a produtora dos Festivais Liter\u00e1rios Internacionais de Arax\u00e1 (Fliarax\u00e1), Paracatu (Fliparacatu) e Itabira (Flitabira). Indo al\u00e9m, Tom ressaltou a mudan\u00e7a entre o jeito de celebrar a literatura ao longo dos anos: atualmente, diferentemente das d\u00e9cadas passadas, a valoriza\u00e7\u00e3o de escritores em atividade \u00e9 superior \u00e0 exalta\u00e7\u00e3o daqueles que exerceram suas fun\u00e7\u00f5es em s\u00e9culos passados. Esse fato permite que autor e leitor tenham contato, o que fomenta a leitura e a escrita. O curador ainda comentou: &#8220;Esperamos que o Flipetr\u00f3polis tenha muito papo, muita conversa e muito livro. Diferentemente de outras cidades, n\u00f3s n\u00e3o censuramos livros. Nosso lema \u00e9 a liberdade de express\u00e3o. Quanto mais respeitarmos o outro, teremos mais cidadania e democracia&#8221;. A fala de Tom Farias referencia a situa\u00e7\u00e3o que envolve o livro \u201cO Avesso da Pele\u201d (Companhia das Letras, 2020), de Jeferson Ten\u00f3rio, ap\u00f3s a obra ter sido alvo de cr\u00edticas e tentativas de censura por ser uma das obras selecionadas pelo Programa Nacional do Livro e do Material Did\u00e1tico (PNLD) para professores e estudantes de escolas p\u00fablicas de todo o pa\u00eds.<\/p>\n\n\n\n<p>Jo\u00e3o Henrique Tebyri\u00e7a de S\u00e1, diretor da concession\u00e1ria \u00c1guas do Imperador, que faz parte do Grupo \u00c1guas do Brasil, acredita &#8220;que \u00e9 poss\u00edvel produzir uma sociedade mais justa e consciente por meio da cultura&#8221;. Quanto \u00e0 exposi\u00e7\u00e3o educativa Portinari Para Crian\u00e7as, Jo\u00e3o Henrique ressaltou que a mostra \u00e9 um meio de agu\u00e7ar a curiosidade, a criatividade e a sensibilidade das crian\u00e7as e de todo o p\u00fablico que conferir o Flipetr\u00f3polis.<\/p>\n\n\n\n<p>O presidente da Academia Petropolitana de Letras, Leandro Garcia, destacou as alcunhas que envolvem Petr\u00f3polis, como cidade imperial e cidade das hort\u00eansias. A partir da realiza\u00e7\u00e3o do I Flipetr\u00f3polis, o escritor e pesquisador espera &#8220;que o munic\u00edpio passe a ser conhecido, tamb\u00e9m, como cidade das letras&#8221;. Ele ressaltou que a APL \u00e9 a primeira academia municipal a ser criada no pa\u00eds, completando 102 anos em 2024.<\/p>\n\n\n\n<p>As secret\u00e1rias municipais S\u00edlvia Guedon, Adriana de Paula e Diana Iliescu ressaltaram as movimenta\u00e7\u00f5es que o Flipetr\u00f3polis trar\u00e1 &#8211; e j\u00e1 traz &#8211; \u00e0 cidade. O incentivo \u00e0 cultura e ao turismo movimentam a economia local, e a educa\u00e7\u00e3o colhe os frutos que o evento planta em Petr\u00f3polis, mesmo ap\u00f3s a realiza\u00e7\u00e3o do evento. Indo al\u00e9m, Guedon expressou seu desejo de que o Flipetr\u00f3polis seja realizado em outras ocasi\u00f5es na cidade, uma vez que se trata de um evento de grande relev\u00e2ncia e import\u00e2ncia perante \u00e0 arte, \u00e0 cultura e \u00e0 educa\u00e7\u00e3o.<\/p>\n\n\n\n<p>Guilherme de Almeida finalizou a cerim\u00f4nia da abertura da exposi\u00e7\u00e3o educativa Portinari Para Crian\u00e7as apresentando detalhes sobre a mostra, que teve sua curadoria, juntamente a Jo\u00e3o Candido Portinari, fundador e diretor do Projeto Portinari. Al\u00e9m das men\u00e7\u00f5es referentes ao campo art\u00edstico, cultural e educativo da exposi\u00e7\u00e3o, Guilherme ressaltou o valor das crian\u00e7as: &#8220;crian\u00e7a n\u00e3o \u00e9 uma extens\u00e3o do adulto, ela existe no presente&#8221;.<\/p>\n\n\n\n<p>A cerim\u00f4nia de inaugura\u00e7\u00e3o da exposi\u00e7\u00e3o educativa Portinari Para Crian\u00e7as foi uma grande celebra\u00e7\u00e3o do I Flipetr\u00f3polis, que chega \u00e0 cidade fluminense em maio. Mesmo que se trate de um evento porvir, a mostra chega ao munic\u00edpio como uma forma de antecipa\u00e7\u00e3o do evento, que movimentar\u00e1 literatura, arte,cultura, educa\u00e7\u00e3o, turismo e economia locais. A ideia \u00e9 que a exposi\u00e7\u00e3o inspire os alunos, de 4 a 18 anos das escolas de Petr\u00f3polis a participarem do Pr\u00eamio de Reda\u00e7\u00e3o e Desenho, realizado pelo festival e que envolver\u00e1 a comunidade escolar.<\/p>\n\n\n\n<p>Servi\u00e7o<br>Flipetr\u00f3polis apresenta \u201cPortinari para Crian\u00e7as\u201d<br>De 18 de mar\u00e7o a 5 de maio<br>Hor\u00e1rio: das 9h \u00e0s 20h<br>Local: Pal\u00e1cio de Cristal (R. Alfredo Pach\u00e1, s\/n \u2013 Centro)<br>Entrada gratuita<br>Mais informa\u00e7\u00f5es: <a href=\"http:\/\/www.flipetropolis.com.br\">www.flipetropolis.com.br<\/a><\/p>\n","protected":false},"excerpt":{"rendered":"<p>O Flipetr\u00f3polis \u00e9 patrocinado pelo Grupo \u00c1guas do Brasil, via Lei Rouanet do Minist\u00e9rio da<\/p>\n","protected":false},"author":1,"featured_media":38796,"comment_status":"closed","ping_status":"open","sticky":false,"template":"","format":"standard","meta":{"spay_email":"","footnotes":"","jetpack_publicize_message":""},"categories":[42],"tags":[],"jetpack_featured_media_url":"https:\/\/i1.wp.com\/jornaldeitaipava.com.br\/wp-content\/uploads\/2024\/03\/WhatsApp-Image-2024-03-20-at-09.51.23.jpeg?fit=1599%2C1066&ssl=1","jetpack_publicize_connections":[],"jetpack_sharing_enabled":true,"jetpack_likes_enabled":true,"jetpack-related-posts":[],"_links":{"self":[{"href":"https:\/\/jornaldeitaipava.com.br\/index.php\/wp-json\/wp\/v2\/posts\/38795"}],"collection":[{"href":"https:\/\/jornaldeitaipava.com.br\/index.php\/wp-json\/wp\/v2\/posts"}],"about":[{"href":"https:\/\/jornaldeitaipava.com.br\/index.php\/wp-json\/wp\/v2\/types\/post"}],"author":[{"embeddable":true,"href":"https:\/\/jornaldeitaipava.com.br\/index.php\/wp-json\/wp\/v2\/users\/1"}],"replies":[{"embeddable":true,"href":"https:\/\/jornaldeitaipava.com.br\/index.php\/wp-json\/wp\/v2\/comments?post=38795"}],"version-history":[{"count":1,"href":"https:\/\/jornaldeitaipava.com.br\/index.php\/wp-json\/wp\/v2\/posts\/38795\/revisions"}],"predecessor-version":[{"id":38797,"href":"https:\/\/jornaldeitaipava.com.br\/index.php\/wp-json\/wp\/v2\/posts\/38795\/revisions\/38797"}],"wp:featuredmedia":[{"embeddable":true,"href":"https:\/\/jornaldeitaipava.com.br\/index.php\/wp-json\/wp\/v2\/media\/38796"}],"wp:attachment":[{"href":"https:\/\/jornaldeitaipava.com.br\/index.php\/wp-json\/wp\/v2\/media?parent=38795"}],"wp:term":[{"taxonomy":"category","embeddable":true,"href":"https:\/\/jornaldeitaipava.com.br\/index.php\/wp-json\/wp\/v2\/categories?post=38795"},{"taxonomy":"post_tag","embeddable":true,"href":"https:\/\/jornaldeitaipava.com.br\/index.php\/wp-json\/wp\/v2\/tags?post=38795"}],"curies":[{"name":"wp","href":"https:\/\/api.w.org\/{rel}","templated":true}]}}