{"id":38798,"date":"2024-03-20T10:49:57","date_gmt":"2024-03-20T13:49:57","guid":{"rendered":"http:\/\/jornaldeitaipava.com.br\/?p=38798"},"modified":"2024-03-20T10:49:59","modified_gmt":"2024-03-20T13:49:59","slug":"museu-casa-de-santos-dumont-e-bauernfest-estao-entre-os-melhores-atrativos-do-estado-do-rio","status":"publish","type":"post","link":"https:\/\/jornaldeitaipava.com.br\/index.php\/2024\/03\/20\/museu-casa-de-santos-dumont-e-bauernfest-estao-entre-os-melhores-atrativos-do-estado-do-rio\/","title":{"rendered":"Museu Casa de Santos Dumont e Bauernfest est\u00e3o entre os melhores atrativos do estado do Rio"},"content":{"rendered":"\n<p class=\"has-text-align-center\"><strong>Vota\u00e7\u00e3o promovida pela revista Veja Rio premiou o Museu Imperial como melhor atra\u00e7\u00e3o cultural na categoria Estado<\/strong><\/p>\n\n\n\n<p><br>O pr\u00eamio \u201cOs Mais Amados do Rio 2024\u201d, da revista Veja Rio, escolheu o Museu Imperial (1\u00ba lugar) e o Museu Casa de Santos Dumont (3\u00ba lugar) como os melhores atrativos culturais do estado. Na categoria eventos no estado, a Bauernfest foi a segunda mais votada, e o Rock the Mountain conquistou o primeiro lugar.<br>A pesquisa on-line contemplou o voto de 5\u2009020 pessoas, em 48 categorias. \u201cVivemos em uma cidade acolhedora, cercada de belezas naturais e que tamb\u00e9m oferece diversidade cultural durante todo ano para quem nos visita. Todos s\u00e3o muito bem-vindos!\u201d, observou o prefeito Rubens Bomtempo.<br>Anualmente, estima-se que a cidade recebe em torno de 600 mil turistas (aqueles que permanecem pelo menos uma noite hospedados em Petr\u00f3polis) por ano e cerca de 1.200.000 visitantes (aqueles que v\u00eam e retornam no mesmo dia). Juntos, o Museu Imperial, Museu Casa de Santos Dumont e Museu Casa do Colono tiveram uma visita\u00e7\u00e3o de mais de 429 mil pessoas em 2023.<br>\u201cEstamos muito felizes com este reconhecimento e principalmente por escolherem Petr\u00f3polis como destino tur\u00edstico de destaque no estado. Nossa cidade oferece pluralidade na oferta tur\u00edstica, e continuaremos nosso trabalho para que todos que nos visitam tenham experi\u00eancias diferenciadas durante o ano inteiro\u201d, explicou a secret\u00e1ria de Turismo, Silvia Guedon.<br>Neste ano, a 35\u00aa edi\u00e7\u00e3o da Bauernfest acontece entre os dias 21 de junho e 7 de julho, no Pal\u00e1cio Cristal e Centro Hist\u00f3rico. J\u00e1 o Rock The Mountain vai acontecer em dois finais de semana de novembro: nos dias 9 e 10, 16 e 17, no Parque Municipal Prefeito Paulo Rattes, em Itaipava.<br>Para mais informa\u00e7\u00f5es, consulte o Disque Turismo: 0800 024 1516 \/ (24) 2246-9462\/ WhatsApp: (24) 2237-3321 ou acesse o site da Secretaria de Turismo: https:\/\/www.petropolis.rj.gov.br\/turispetro\/ .<\/p>\n","protected":false},"excerpt":{"rendered":"<p>Vota\u00e7\u00e3o promovida pela revista Veja Rio premiou o Museu Imperial como melhor atra\u00e7\u00e3o cultural na<\/p>\n","protected":false},"author":1,"featured_media":10032,"comment_status":"closed","ping_status":"open","sticky":false,"template":"","format":"standard","meta":{"spay_email":"","footnotes":"","jetpack_publicize_message":""},"categories":[42],"tags":[],"jetpack_featured_media_url":"https:\/\/i0.wp.com\/jornaldeitaipava.com.br\/wp-content\/uploads\/2021\/02\/CASA-SANTOS-DUMONT.jpg?fit=318%2C159&ssl=1","jetpack_publicize_connections":[],"jetpack_sharing_enabled":true,"jetpack_likes_enabled":true,"jetpack-related-posts":[],"_links":{"self":[{"href":"https:\/\/jornaldeitaipava.com.br\/index.php\/wp-json\/wp\/v2\/posts\/38798"}],"collection":[{"href":"https:\/\/jornaldeitaipava.com.br\/index.php\/wp-json\/wp\/v2\/posts"}],"about":[{"href":"https:\/\/jornaldeitaipava.com.br\/index.php\/wp-json\/wp\/v2\/types\/post"}],"author":[{"embeddable":true,"href":"https:\/\/jornaldeitaipava.com.br\/index.php\/wp-json\/wp\/v2\/users\/1"}],"replies":[{"embeddable":true,"href":"https:\/\/jornaldeitaipava.com.br\/index.php\/wp-json\/wp\/v2\/comments?post=38798"}],"version-history":[{"count":1,"href":"https:\/\/jornaldeitaipava.com.br\/index.php\/wp-json\/wp\/v2\/posts\/38798\/revisions"}],"predecessor-version":[{"id":38799,"href":"https:\/\/jornaldeitaipava.com.br\/index.php\/wp-json\/wp\/v2\/posts\/38798\/revisions\/38799"}],"wp:featuredmedia":[{"embeddable":true,"href":"https:\/\/jornaldeitaipava.com.br\/index.php\/wp-json\/wp\/v2\/media\/10032"}],"wp:attachment":[{"href":"https:\/\/jornaldeitaipava.com.br\/index.php\/wp-json\/wp\/v2\/media?parent=38798"}],"wp:term":[{"taxonomy":"category","embeddable":true,"href":"https:\/\/jornaldeitaipava.com.br\/index.php\/wp-json\/wp\/v2\/categories?post=38798"},{"taxonomy":"post_tag","embeddable":true,"href":"https:\/\/jornaldeitaipava.com.br\/index.php\/wp-json\/wp\/v2\/tags?post=38798"}],"curies":[{"name":"wp","href":"https:\/\/api.w.org\/{rel}","templated":true}]}}